{"id":20770,"date":"2024-03-11T10:23:13","date_gmt":"2024-03-11T13:23:13","guid":{"rendered":"https:\/\/gestaoderestaurantes.com.br\/blog\/?p=20770"},"modified":"2024-03-11T10:23:15","modified_gmt":"2024-03-11T13:23:15","slug":"restaurante-a-venda-rio-de-janeiro-7","status":"publish","type":"post","link":"https:\/\/gestaoderestaurantes.com.br\/blog\/classificados-2\/restaurante-a-venda-rio-de-janeiro-7\/","title":{"rendered":"Restaurante \u00e0 venda Rio de Janeiro"},"content":{"rendered":"\n<h3 class=\"wp-block-heading\">Bar a venda porteira fechada na Oleg\u00e1rio Maciel &#8211; R$ 650.000,00<\/h3>\n\n\n\n<ul>\n<li><strong>C\u00f3digo do An\u00fancio:&nbsp;<\/strong>&nbsp;RJ93062024<\/li>\n\n\n\n<li><strong>Cidade:&nbsp;<\/strong>&nbsp;Rio de Janeiro<\/li>\n\n\n\n<li><strong>\u00c1rea (M<sup>2<\/sup>):&nbsp;<\/strong>&nbsp;170m\u00b2<\/li>\n\n\n\n<li><strong>N\u00ba de assentos:&nbsp;<\/strong>&nbsp;60<\/li>\n\n\n\n<li><strong>IPTU:&nbsp;<\/strong>&nbsp;R$ 4,69<\/li>\n\n\n\n<li><strong>Faturamento Mensal:&nbsp;<\/strong>&nbsp;R$ 70.000,00<\/li>\n\n\n\n<li><strong>Aluguel (Valor):&nbsp;<\/strong>&nbsp;R$ 7.500,00<\/li>\n\n\n\n<li><strong>Aluguel (Contrato):&nbsp;<\/strong>&nbsp;7.500<\/li>\n\n\n\n<li><strong>N\u00ba de Funcion\u00e1rios:&nbsp;<\/strong>&nbsp;4<\/li>\n<\/ul>\n\n\n\n<h3 class=\"wp-block-heading\">Contatos<\/h3>\n\n\n\n<ul>\n<li><strong>Nome:&nbsp;<\/strong>&nbsp;Ellen szulc<\/li>\n\n\n\n<li><strong>Telefone:&nbsp;<\/strong>&nbsp;21 993575712<\/li>\n\n\n\n<li><strong>E-mail:&nbsp;<\/strong>&nbsp;Szulcstore@gmail.com<\/li>\n\n\n\n<li><strong>Site:&nbsp;<\/strong>&nbsp;&#8211;<\/li>\n\n\n\n<li><strong>Data anuncio:&nbsp;<\/strong>09\/03\/2024<\/li>\n<\/ul>\n\n\n\n<figure class=\"wp-block-image\"><a href=\"https:\/\/www.gestaoderestaurantes.com.br\/img\/fotos_anuncios\/anuncio_596\/b88a01698fdadf2ec069a5daf47b9ad0.jpeg\"><img decoding=\"async\" src=\"https:\/\/www.gestaoderestaurantes.com.br\/img\/fotos_anuncios\/anuncio_596\/b88a01698fdadf2ec069a5daf47b9ad0.jpeg\" alt=\"\"\/><\/a><\/figure>\n\n\n\n<figure class=\"wp-block-image\"><a href=\"https:\/\/www.gestaoderestaurantes.com.br\/img\/fotos_anuncios\/anuncio_596\/0b51e87135b28f6f41ae0caa84bd2285.jpeg\"><img decoding=\"async\" src=\"https:\/\/www.gestaoderestaurantes.com.br\/img\/fotos_anuncios\/anuncio_596\/0b51e87135b28f6f41ae0caa84bd2285.jpeg\" alt=\"\"\/><\/a><\/figure>\n\n\n\n<figure class=\"wp-block-image\"><a href=\"https:\/\/www.gestaoderestaurantes.com.br\/img\/fotos_anuncios\/anuncio_596\/30e03b51687b740794de6a08860f5aae.jpeg\"><img decoding=\"async\" src=\"https:\/\/www.gestaoderestaurantes.com.br\/img\/fotos_anuncios\/anuncio_596\/30e03b51687b740794de6a08860f5aae.jpeg\" alt=\"\"\/><\/a><\/figure>\n\n\n\n<figure class=\"wp-block-image\"><a href=\"https:\/\/www.gestaoderestaurantes.com.br\/img\/fotos_anuncios\/anuncio_596\/41824a09b7b1b4cd434d8904eb90f7ae.jpeg\"><img decoding=\"async\" src=\"https:\/\/www.gestaoderestaurantes.com.br\/img\/fotos_anuncios\/anuncio_596\/41824a09b7b1b4cd434d8904eb90f7ae.jpeg\" alt=\"\"\/><\/a><\/figure>\n\n\n\n<figure class=\"wp-block-image\"><a href=\"https:\/\/www.gestaoderestaurantes.com.br\/img\/fotos_anuncios\/anuncio_596\/341a725510ae63117a46a2afa1e3c0ce.jpeg\"><img decoding=\"async\" src=\"https:\/\/www.gestaoderestaurantes.com.br\/img\/fotos_anuncios\/anuncio_596\/341a725510ae63117a46a2afa1e3c0ce.jpeg\" alt=\"\"\/><\/a><\/figure>\n\n\n\n<figure class=\"wp-block-image\"><a href=\"https:\/\/www.gestaoderestaurantes.com.br\/img\/fotos_anuncios\/anuncio_596\/84cb70bbb6c1ae27785c97d25f9bde12.jpeg\"><img decoding=\"async\" src=\"https:\/\/www.gestaoderestaurantes.com.br\/img\/fotos_anuncios\/anuncio_596\/84cb70bbb6c1ae27785c97d25f9bde12.jpeg\" alt=\"\"\/><\/a><\/figure>\n\n\n\n<figure class=\"wp-block-image\"><a href=\"https:\/\/www.gestaoderestaurantes.com.br\/img\/fotos_anuncios\/anuncio_596\/c1537d649235c8f565a1e0d3a730d3ee.jpeg\"><img decoding=\"async\" src=\"https:\/\/www.gestaoderestaurantes.com.br\/img\/fotos_anuncios\/anuncio_596\/c1537d649235c8f565a1e0d3a730d3ee.jpeg\" alt=\"\"\/><\/a><\/figure>\n\n\n\n<p><strong>Detalhes<\/strong><\/p>\n\n\n\n<p>Bar a venda no quadrilatero mais badalado da Olegario Maciel. Porteira fechada, ja esta incluso a marca, que \u00e9 referencia na Olegario Maciel, todos os equipamentos, bar, cozinha, equipamento de som e ilumina\u00e7\u00e3o, equipe de funcionarios, lista de fornecedores, tudo esta em funcionamento. Bar com rentabiliade muito boa. conta com Karaok\u00ea oque \u00e9 um diferencial para a regi\u00e3o e ja tem o seu publico fiel. Capacidade para 130 pessoas, s\u00e3o dois andarem, dois ambientes. Exclente oportunidae para j\u00e1 entrar em negocio em funcionamento.<\/p>\n\n\n\n<div class=\"wp-block-buttons is-layout-flex wp-block-buttons-is-layout-flex\">\n<div class=\"wp-block-button aligncenter\"><a class=\"wp-block-button__link has-luminous-vivid-amber-background-color has-background wp-element-button\" href=\"https:\/\/www.gestaoderestaurantes.com.br\/classificados-geral.php\">Ver restaurantes \u00e0 venda<\/a><\/div>\n<\/div>\n\n\n\n<figure class=\"wp-block-image\"><a href=\"https:\/\/gestaoderestaurantes.commercesuite.com.br\/administracao-e-financas\/kit-de-ferramentas-administrativas-para-restaurantes-e-bares\"><img loading=\"lazy\" decoding=\"async\" width=\"850\" height=\"250\" src=\"https:\/\/gestaoderestaurantes.com.br\/blog\/wp-content\/uploads\/2018\/05\/ferramentas-administrativas.png\" alt=\"\" class=\"wp-image-18493\" srcset=\"https:\/\/gestaoderestaurantes.com.br\/blog\/wp-content\/uploads\/2018\/05\/ferramentas-administrativas.png 850w, https:\/\/gestaoderestaurantes.com.br\/blog\/wp-content\/uploads\/2018\/05\/ferramentas-administrativas-300x88.png 300w, https:\/\/gestaoderestaurantes.com.br\/blog\/wp-content\/uploads\/2018\/05\/ferramentas-administrativas-768x226.png 768w\" sizes=\"(max-width: 850px) 100vw, 850px\" \/><\/a><\/figure>\n","protected":false},"excerpt":{"rendered":"<p>Bar a venda porteira fechada na Oleg\u00e1rio Maciel &#8211; R$ 650.000,00 Contatos Detalhes Bar a venda no quadrilatero mais badalado da Olegario Maciel. Porteira fechada, ja esta incluso a marca, que \u00e9 referencia na Olegario Maciel, todos os equipamentos, bar, cozinha, equipamento de som e ilumina\u00e7\u00e3o, equipe de funcionarios, lista de fornecedores, tudo esta em [&hellip;]<\/p>\n","protected":false},"author":3,"featured_media":0,"comment_status":"open","ping_status":"open","sticky":false,"template":"","format":"standard","meta":{"footnotes":""},"categories":[493],"tags":[1515,807,1559,783],"yoast_head":"<!-- This site is optimized with the Yoast SEO plugin v24.5 - https:\/\/yoast.com\/wordpress\/plugins\/seo\/ -->\n<title>Restaurante \u00e0 venda Rio de Janeiro - GEST\u00c3O DE RESTAURANTES<\/title>\n<meta name=\"robots\" content=\"index, follow, max-snippet:-1, max-image-preview:large, max-video-preview:-1\" \/>\n<link rel=\"canonical\" href=\"https:\/\/gestaoderestaurantes.com.br\/blog\/classificados-2\/restaurante-a-venda-rio-de-janeiro-7\/\" \/>\n<meta property=\"og:locale\" content=\"pt_BR\" \/>\n<meta property=\"og:type\" content=\"article\" \/>\n<meta property=\"og:title\" content=\"Restaurante \u00e0 venda Rio de Janeiro - GEST\u00c3O DE RESTAURANTES\" \/>\n<meta property=\"og:description\" content=\"Bar a venda porteira fechada na Oleg\u00e1rio Maciel &#8211; R$ 650.000,00 Contatos Detalhes Bar a venda no quadrilatero mais badalado da Olegario Maciel. Porteira fechada, ja esta incluso a marca, que \u00e9 referencia na Olegario Maciel, todos os equipamentos, bar, cozinha, equipamento de som e ilumina\u00e7\u00e3o, equipe de funcionarios, lista de fornecedores, tudo esta em [&hellip;]\" \/>\n<meta property=\"og:url\" content=\"https:\/\/gestaoderestaurantes.com.br\/blog\/classificados-2\/restaurante-a-venda-rio-de-janeiro-7\/\" \/>\n<meta property=\"og:site_name\" content=\"GEST\u00c3O DE RESTAURANTES\" \/>\n<meta property=\"article:published_time\" content=\"2024-03-11T13:23:13+00:00\" \/>\n<meta property=\"article:modified_time\" content=\"2024-03-11T13:23:15+00:00\" \/>\n<meta property=\"og:image\" content=\"https:\/\/www.gestaoderestaurantes.com.br\/img\/fotos_anuncios\/anuncio_596\/b88a01698fdadf2ec069a5daf47b9ad0.jpeg\" \/>\n<meta name=\"author\" content=\"Gest\u00e3o de Restaurantes\" \/>\n<meta name=\"twitter:card\" content=\"summary_large_image\" \/>\n<meta name=\"twitter:label1\" content=\"Escrito por\" \/>\n\t<meta name=\"twitter:data1\" content=\"Gest\u00e3o de Restaurantes\" \/>\n\t<meta name=\"twitter:label2\" content=\"Est. tempo de leitura\" \/>\n\t<meta name=\"twitter:data2\" content=\"3 minutos\" \/>\n<script type=\"application\/ld+json\" class=\"yoast-schema-graph\">{\"@context\":\"https:\/\/schema.org\",\"@graph\":[{\"@type\":\"Article\",\"@id\":\"https:\/\/gestaoderestaurantes.com.br\/blog\/classificados-2\/restaurante-a-venda-rio-de-janeiro-7\/#article\",\"isPartOf\":{\"@id\":\"https:\/\/gestaoderestaurantes.com.br\/blog\/classificados-2\/restaurante-a-venda-rio-de-janeiro-7\/\"},\"author\":{\"name\":\"Gest\u00e3o de Restaurantes\",\"@id\":\"https:\/\/gestaoderestaurantes.com.br\/blog\/#\/schema\/person\/f81faea281d148e85942baf46f9cbbd5\"},\"headline\":\"Restaurante \u00e0 venda Rio de Janeiro\",\"datePublished\":\"2024-03-11T13:23:13+00:00\",\"dateModified\":\"2024-03-11T13:23:15+00:00\",\"mainEntityOfPage\":{\"@id\":\"https:\/\/gestaoderestaurantes.com.br\/blog\/classificados-2\/restaurante-a-venda-rio-de-janeiro-7\/\"},\"wordCount\":170,\"commentCount\":0,\"publisher\":{\"@id\":\"https:\/\/gestaoderestaurantes.com.br\/blog\/#organization\"},\"image\":{\"@id\":\"https:\/\/gestaoderestaurantes.com.br\/blog\/classificados-2\/restaurante-a-venda-rio-de-janeiro-7\/#primaryimage\"},\"thumbnailUrl\":\"https:\/\/www.gestaoderestaurantes.com.br\/img\/fotos_anuncios\/anuncio_596\/b88a01698fdadf2ec069a5daf47b9ad0.jpeg\",\"keywords\":[\"anunciar restaurante\",\"restaurante a venda\",\"restaurante a venda rio de janeiro\",\"vender restaurante\"],\"articleSection\":[\"Classificados\"],\"inLanguage\":\"pt-BR\",\"potentialAction\":[{\"@type\":\"CommentAction\",\"name\":\"Comment\",\"target\":[\"https:\/\/gestaoderestaurantes.com.br\/blog\/classificados-2\/restaurante-a-venda-rio-de-janeiro-7\/#respond\"]}]},{\"@type\":\"WebPage\",\"@id\":\"https:\/\/gestaoderestaurantes.com.br\/blog\/classificados-2\/restaurante-a-venda-rio-de-janeiro-7\/\",\"url\":\"https:\/\/gestaoderestaurantes.com.br\/blog\/classificados-2\/restaurante-a-venda-rio-de-janeiro-7\/\",\"name\":\"Restaurante \u00e0 venda Rio de Janeiro - GEST\u00c3O DE RESTAURANTES\",\"isPartOf\":{\"@id\":\"https:\/\/gestaoderestaurantes.com.br\/blog\/#website\"},\"primaryImageOfPage\":{\"@id\":\"https:\/\/gestaoderestaurantes.com.br\/blog\/classificados-2\/restaurante-a-venda-rio-de-janeiro-7\/#primaryimage\"},\"image\":{\"@id\":\"https:\/\/gestaoderestaurantes.com.br\/blog\/classificados-2\/restaurante-a-venda-rio-de-janeiro-7\/#primaryimage\"},\"thumbnailUrl\":\"https:\/\/www.gestaoderestaurantes.com.br\/img\/fotos_anuncios\/anuncio_596\/b88a01698fdadf2ec069a5daf47b9ad0.jpeg\",\"datePublished\":\"2024-03-11T13:23:13+00:00\",\"dateModified\":\"2024-03-11T13:23:15+00:00\",\"breadcrumb\":{\"@id\":\"https:\/\/gestaoderestaurantes.com.br\/blog\/classificados-2\/restaurante-a-venda-rio-de-janeiro-7\/#breadcrumb\"},\"inLanguage\":\"pt-BR\",\"potentialAction\":[{\"@type\":\"ReadAction\",\"target\":[\"https:\/\/gestaoderestaurantes.com.br\/blog\/classificados-2\/restaurante-a-venda-rio-de-janeiro-7\/\"]}]},{\"@type\":\"ImageObject\",\"inLanguage\":\"pt-BR\",\"@id\":\"https:\/\/gestaoderestaurantes.com.br\/blog\/classificados-2\/restaurante-a-venda-rio-de-janeiro-7\/#primaryimage\",\"url\":\"https:\/\/www.gestaoderestaurantes.com.br\/img\/fotos_anuncios\/anuncio_596\/b88a01698fdadf2ec069a5daf47b9ad0.jpeg\",\"contentUrl\":\"https:\/\/www.gestaoderestaurantes.com.br\/img\/fotos_anuncios\/anuncio_596\/b88a01698fdadf2ec069a5daf47b9ad0.jpeg\"},{\"@type\":\"BreadcrumbList\",\"@id\":\"https:\/\/gestaoderestaurantes.com.br\/blog\/classificados-2\/restaurante-a-venda-rio-de-janeiro-7\/#breadcrumb\",\"itemListElement\":[{\"@type\":\"ListItem\",\"position\":1,\"name\":\"In\u00edcio\",\"item\":\"https:\/\/gestaoderestaurantes.com.br\/blog\/\"},{\"@type\":\"ListItem\",\"position\":2,\"name\":\"Restaurante \u00e0 venda Rio de Janeiro\"}]},{\"@type\":\"WebSite\",\"@id\":\"https:\/\/gestaoderestaurantes.com.br\/blog\/#website\",\"url\":\"https:\/\/gestaoderestaurantes.com.br\/blog\/\",\"name\":\"GEST\u00c3O DE RESTAURANTES\",\"description\":\"Cursos para Restaurantes e Bares\",\"publisher\":{\"@id\":\"https:\/\/gestaoderestaurantes.com.br\/blog\/#organization\"},\"potentialAction\":[{\"@type\":\"SearchAction\",\"target\":{\"@type\":\"EntryPoint\",\"urlTemplate\":\"https:\/\/gestaoderestaurantes.com.br\/blog\/?s={search_term_string}\"},\"query-input\":{\"@type\":\"PropertyValueSpecification\",\"valueRequired\":true,\"valueName\":\"search_term_string\"}}],\"inLanguage\":\"pt-BR\"},{\"@type\":\"Organization\",\"@id\":\"https:\/\/gestaoderestaurantes.com.br\/blog\/#organization\",\"name\":\"GEST\u00c3O DE RESTAURANTES\",\"url\":\"https:\/\/gestaoderestaurantes.com.br\/blog\/\",\"logo\":{\"@type\":\"ImageObject\",\"inLanguage\":\"pt-BR\",\"@id\":\"https:\/\/gestaoderestaurantes.com.br\/blog\/#\/schema\/logo\/image\/\",\"url\":\"https:\/\/gestaoderestaurantes.com.br\/blog\/wp-content\/uploads\/2017\/02\/logo.png\",\"contentUrl\":\"https:\/\/gestaoderestaurantes.com.br\/blog\/wp-content\/uploads\/2017\/02\/logo.png\",\"width\":150,\"height\":150,\"caption\":\"GEST\u00c3O DE RESTAURANTES\"},\"image\":{\"@id\":\"https:\/\/gestaoderestaurantes.com.br\/blog\/#\/schema\/logo\/image\/\"}},{\"@type\":\"Person\",\"@id\":\"https:\/\/gestaoderestaurantes.com.br\/blog\/#\/schema\/person\/f81faea281d148e85942baf46f9cbbd5\",\"name\":\"Gest\u00e3o de Restaurantes\",\"image\":{\"@type\":\"ImageObject\",\"inLanguage\":\"pt-BR\",\"@id\":\"https:\/\/gestaoderestaurantes.com.br\/blog\/#\/schema\/person\/image\/\",\"url\":\"https:\/\/secure.gravatar.com\/avatar\/b589d30c197e3c258b1b65aa142c72b5?s=96&d=mm&r=g\",\"contentUrl\":\"https:\/\/secure.gravatar.com\/avatar\/b589d30c197e3c258b1b65aa142c72b5?s=96&d=mm&r=g\",\"caption\":\"Gest\u00e3o de Restaurantes\"},\"url\":\"https:\/\/gestaoderestaurantes.com.br\/blog\/author\/alisonalves\/\"}]}<\/script>\n<!-- \/ Yoast SEO plugin. -->","yoast_head_json":{"title":"Restaurante \u00e0 venda Rio de Janeiro - GEST\u00c3O DE RESTAURANTES","robots":{"index":"index","follow":"follow","max-snippet":"max-snippet:-1","max-image-preview":"max-image-preview:large","max-video-preview":"max-video-preview:-1"},"canonical":"https:\/\/gestaoderestaurantes.com.br\/blog\/classificados-2\/restaurante-a-venda-rio-de-janeiro-7\/","og_locale":"pt_BR","og_type":"article","og_title":"Restaurante \u00e0 venda Rio de Janeiro - GEST\u00c3O DE RESTAURANTES","og_description":"Bar a venda porteira fechada na Oleg\u00e1rio Maciel &#8211; R$ 650.000,00 Contatos Detalhes Bar a venda no quadrilatero mais badalado da Olegario Maciel. Porteira fechada, ja esta incluso a marca, que \u00e9 referencia na Olegario Maciel, todos os equipamentos, bar, cozinha, equipamento de som e ilumina\u00e7\u00e3o, equipe de funcionarios, lista de fornecedores, tudo esta em [&hellip;]","og_url":"https:\/\/gestaoderestaurantes.com.br\/blog\/classificados-2\/restaurante-a-venda-rio-de-janeiro-7\/","og_site_name":"GEST\u00c3O DE RESTAURANTES","article_published_time":"2024-03-11T13:23:13+00:00","article_modified_time":"2024-03-11T13:23:15+00:00","og_image":[{"url":"https:\/\/www.gestaoderestaurantes.com.br\/img\/fotos_anuncios\/anuncio_596\/b88a01698fdadf2ec069a5daf47b9ad0.jpeg","type":"","width":"","height":""}],"author":"Gest\u00e3o de Restaurantes","twitter_card":"summary_large_image","twitter_misc":{"Escrito por":"Gest\u00e3o de Restaurantes","Est. tempo de leitura":"3 minutos"},"schema":{"@context":"https:\/\/schema.org","@graph":[{"@type":"Article","@id":"https:\/\/gestaoderestaurantes.com.br\/blog\/classificados-2\/restaurante-a-venda-rio-de-janeiro-7\/#article","isPartOf":{"@id":"https:\/\/gestaoderestaurantes.com.br\/blog\/classificados-2\/restaurante-a-venda-rio-de-janeiro-7\/"},"author":{"name":"Gest\u00e3o de Restaurantes","@id":"https:\/\/gestaoderestaurantes.com.br\/blog\/#\/schema\/person\/f81faea281d148e85942baf46f9cbbd5"},"headline":"Restaurante \u00e0 venda Rio de Janeiro","datePublished":"2024-03-11T13:23:13+00:00","dateModified":"2024-03-11T13:23:15+00:00","mainEntityOfPage":{"@id":"https:\/\/gestaoderestaurantes.com.br\/blog\/classificados-2\/restaurante-a-venda-rio-de-janeiro-7\/"},"wordCount":170,"commentCount":0,"publisher":{"@id":"https:\/\/gestaoderestaurantes.com.br\/blog\/#organization"},"image":{"@id":"https:\/\/gestaoderestaurantes.com.br\/blog\/classificados-2\/restaurante-a-venda-rio-de-janeiro-7\/#primaryimage"},"thumbnailUrl":"https:\/\/www.gestaoderestaurantes.com.br\/img\/fotos_anuncios\/anuncio_596\/b88a01698fdadf2ec069a5daf47b9ad0.jpeg","keywords":["anunciar restaurante","restaurante a venda","restaurante a venda rio de janeiro","vender restaurante"],"articleSection":["Classificados"],"inLanguage":"pt-BR","potentialAction":[{"@type":"CommentAction","name":"Comment","target":["https:\/\/gestaoderestaurantes.com.br\/blog\/classificados-2\/restaurante-a-venda-rio-de-janeiro-7\/#respond"]}]},{"@type":"WebPage","@id":"https:\/\/gestaoderestaurantes.com.br\/blog\/classificados-2\/restaurante-a-venda-rio-de-janeiro-7\/","url":"https:\/\/gestaoderestaurantes.com.br\/blog\/classificados-2\/restaurante-a-venda-rio-de-janeiro-7\/","name":"Restaurante \u00e0 venda Rio de Janeiro - GEST\u00c3O DE RESTAURANTES","isPartOf":{"@id":"https:\/\/gestaoderestaurantes.com.br\/blog\/#website"},"primaryImageOfPage":{"@id":"https:\/\/gestaoderestaurantes.com.br\/blog\/classificados-2\/restaurante-a-venda-rio-de-janeiro-7\/#primaryimage"},"image":{"@id":"https:\/\/gestaoderestaurantes.com.br\/blog\/classificados-2\/restaurante-a-venda-rio-de-janeiro-7\/#primaryimage"},"thumbnailUrl":"https:\/\/www.gestaoderestaurantes.com.br\/img\/fotos_anuncios\/anuncio_596\/b88a01698fdadf2ec069a5daf47b9ad0.jpeg","datePublished":"2024-03-11T13:23:13+00:00","dateModified":"2024-03-11T13:23:15+00:00","breadcrumb":{"@id":"https:\/\/gestaoderestaurantes.com.br\/blog\/classificados-2\/restaurante-a-venda-rio-de-janeiro-7\/#breadcrumb"},"inLanguage":"pt-BR","potentialAction":[{"@type":"ReadAction","target":["https:\/\/gestaoderestaurantes.com.br\/blog\/classificados-2\/restaurante-a-venda-rio-de-janeiro-7\/"]}]},{"@type":"ImageObject","inLanguage":"pt-BR","@id":"https:\/\/gestaoderestaurantes.com.br\/blog\/classificados-2\/restaurante-a-venda-rio-de-janeiro-7\/#primaryimage","url":"https:\/\/www.gestaoderestaurantes.com.br\/img\/fotos_anuncios\/anuncio_596\/b88a01698fdadf2ec069a5daf47b9ad0.jpeg","contentUrl":"https:\/\/www.gestaoderestaurantes.com.br\/img\/fotos_anuncios\/anuncio_596\/b88a01698fdadf2ec069a5daf47b9ad0.jpeg"},{"@type":"BreadcrumbList","@id":"https:\/\/gestaoderestaurantes.com.br\/blog\/classificados-2\/restaurante-a-venda-rio-de-janeiro-7\/#breadcrumb","itemListElement":[{"@type":"ListItem","position":1,"name":"In\u00edcio","item":"https:\/\/gestaoderestaurantes.com.br\/blog\/"},{"@type":"ListItem","position":2,"name":"Restaurante \u00e0 venda Rio de Janeiro"}]},{"@type":"WebSite","@id":"https:\/\/gestaoderestaurantes.com.br\/blog\/#website","url":"https:\/\/gestaoderestaurantes.com.br\/blog\/","name":"GEST\u00c3O DE RESTAURANTES","description":"Cursos para Restaurantes e Bares","publisher":{"@id":"https:\/\/gestaoderestaurantes.com.br\/blog\/#organization"},"potentialAction":[{"@type":"SearchAction","target":{"@type":"EntryPoint","urlTemplate":"https:\/\/gestaoderestaurantes.com.br\/blog\/?s={search_term_string}"},"query-input":{"@type":"PropertyValueSpecification","valueRequired":true,"valueName":"search_term_string"}}],"inLanguage":"pt-BR"},{"@type":"Organization","@id":"https:\/\/gestaoderestaurantes.com.br\/blog\/#organization","name":"GEST\u00c3O DE RESTAURANTES","url":"https:\/\/gestaoderestaurantes.com.br\/blog\/","logo":{"@type":"ImageObject","inLanguage":"pt-BR","@id":"https:\/\/gestaoderestaurantes.com.br\/blog\/#\/schema\/logo\/image\/","url":"https:\/\/gestaoderestaurantes.com.br\/blog\/wp-content\/uploads\/2017\/02\/logo.png","contentUrl":"https:\/\/gestaoderestaurantes.com.br\/blog\/wp-content\/uploads\/2017\/02\/logo.png","width":150,"height":150,"caption":"GEST\u00c3O DE RESTAURANTES"},"image":{"@id":"https:\/\/gestaoderestaurantes.com.br\/blog\/#\/schema\/logo\/image\/"}},{"@type":"Person","@id":"https:\/\/gestaoderestaurantes.com.br\/blog\/#\/schema\/person\/f81faea281d148e85942baf46f9cbbd5","name":"Gest\u00e3o de Restaurantes","image":{"@type":"ImageObject","inLanguage":"pt-BR","@id":"https:\/\/gestaoderestaurantes.com.br\/blog\/#\/schema\/person\/image\/","url":"https:\/\/secure.gravatar.com\/avatar\/b589d30c197e3c258b1b65aa142c72b5?s=96&d=mm&r=g","contentUrl":"https:\/\/secure.gravatar.com\/avatar\/b589d30c197e3c258b1b65aa142c72b5?s=96&d=mm&r=g","caption":"Gest\u00e3o de Restaurantes"},"url":"https:\/\/gestaoderestaurantes.com.br\/blog\/author\/alisonalves\/"}]}},"_links":{"self":[{"href":"https:\/\/gestaoderestaurantes.com.br\/blog\/wp-json\/wp\/v2\/posts\/20770"}],"collection":[{"href":"https:\/\/gestaoderestaurantes.com.br\/blog\/wp-json\/wp\/v2\/posts"}],"about":[{"href":"https:\/\/gestaoderestaurantes.com.br\/blog\/wp-json\/wp\/v2\/types\/post"}],"author":[{"embeddable":true,"href":"https:\/\/gestaoderestaurantes.com.br\/blog\/wp-json\/wp\/v2\/users\/3"}],"replies":[{"embeddable":true,"href":"https:\/\/gestaoderestaurantes.com.br\/blog\/wp-json\/wp\/v2\/comments?post=20770"}],"version-history":[{"count":1,"href":"https:\/\/gestaoderestaurantes.com.br\/blog\/wp-json\/wp\/v2\/posts\/20770\/revisions"}],"predecessor-version":[{"id":20771,"href":"https:\/\/gestaoderestaurantes.com.br\/blog\/wp-json\/wp\/v2\/posts\/20770\/revisions\/20771"}],"wp:attachment":[{"href":"https:\/\/gestaoderestaurantes.com.br\/blog\/wp-json\/wp\/v2\/media?parent=20770"}],"wp:term":[{"taxonomy":"category","embeddable":true,"href":"https:\/\/gestaoderestaurantes.com.br\/blog\/wp-json\/wp\/v2\/categories?post=20770"},{"taxonomy":"post_tag","embeddable":true,"href":"https:\/\/gestaoderestaurantes.com.br\/blog\/wp-json\/wp\/v2\/tags?post=20770"}],"curies":[{"name":"wp","href":"https:\/\/api.w.org\/{rel}","templated":true}]}}