{"id":3947,"date":"2021-06-13T09:21:00","date_gmt":"2021-06-13T12:21:00","guid":{"rendered":"http:\/\/gestaoderestaurantes.com.br\/blog\/?p=3947"},"modified":"2021-06-16T11:26:39","modified_gmt":"2021-06-16T14:26:39","slug":"o-senhor-do-self-service-de-luxo","status":"publish","type":"post","link":"https:\/\/gestaoderestaurantes.com.br\/blog\/administracao\/o-senhor-do-self-service-de-luxo\/","title":{"rendered":"O senhor do self-service de luxo"},"content":{"rendered":"<p align=\"justify\">Roberto Bielawski iniciou por acaso o Viena, para complementar a renda, mas optou por come\u00e7ar de novo com o R\u00e1scal<\/p>\n<p align=\"justify\"><a href=\"http:\/\/gestaoderestaurantes.com.br\/blog\/wp-content\/uploads\/2014\/03\/13032014.jpg\"><img loading=\"lazy\" decoding=\"async\" style=\"background-image: none; padding-top: 0px; padding-left: 0px; display: inline; padding-right: 0px; border: 0px;\" title=\"RASCAL\" src=\"http:\/\/gestaoderestaurantes.com.br\/blog\/wp-content\/uploads\/2014\/03\/13032014_thumb.jpg\" alt=\"RASCAL\" width=\"300\" height=\"250\" border=\"0\"><\/a><\/p>\n<p align=\"justify\">Empres\u00e1rio se prepara para inaugurar 12\u00aa unidade do R\u00e1scal<\/p>\n<p align=\"justify\">O empres\u00e1rio Roberto Bielawski resolveu montar um quiosque de 50 metros quadrados no Conjunto Nacional para conseguir uma renda adicional depois da gradua\u00e7\u00e3o em economia. Meio que por acaso, sem planejamento. Mas esse foi o come\u00e7o da rede Viena, vendida pelo empreendedor em 2007, 32 anos depois, com 70 unidades. Hoje, o empres\u00e1rio se dedica ao R\u00e1scal, rede de 11 restaurantes criada em 1994 e que atende 2 milh\u00f5es de pessoas por ano.<\/p>\n<p align=\"justify\">Roberto tornou-se empres\u00e1rio sem pensar muito se era isso mesmo o que ele queria fazer da vida. No in\u00edcio, trabalhava 16 horas por dia no quiosque e chegou a fazer de tudo: atender o balc\u00e3o, servir e at\u00e9 cozinhar. A segunda unidade foi aberta no Shopping Ibirapuera, j\u00e1 no modelo de restaurante. Mas foi durante os anos 1980 que ele realmente enxergou a oportunidade de crescer no setor em shoppings.<\/p>\n<p align=\"justify\"><a href=\"http:\/\/www.gestaoderestaurantes.com.br\/loja_virtual.html\"><img loading=\"lazy\" decoding=\"async\" class=\"aligncenter size-full wp-image-13346\" src=\"http:\/\/gestaoderestaurantes.com.br\/blog\/wp-content\/uploads\/2008\/06\/banner_cardapio_rest_ss.png\" alt=\"\" width=\"500\" height=\"170\" srcset=\"https:\/\/gestaoderestaurantes.com.br\/blog\/wp-content\/uploads\/2008\/06\/banner_cardapio_rest_ss.png 500w, https:\/\/gestaoderestaurantes.com.br\/blog\/wp-content\/uploads\/2008\/06\/banner_cardapio_rest_ss-300x102.png 300w\" sizes=\"(max-width: 500px) 100vw, 500px\" \/><\/a><\/p>\n<p align=\"justify\">A aposta deu certo, mas o curioso \u00e9 que uma rede t\u00e3o grande j\u00e1 n\u00e3o despertava mais o interesse do empres\u00e1rio. \u201cFica muito impessoal. Eu me sinto muito mais confort\u00e1vel sendo um m\u00e9dio empres\u00e1rio. Eu gosto de olhar meu neg\u00f3cio. N\u00e3o penso meu restaurante como um neg\u00f3cio para gerar dinheiro. Eu penso como um neg\u00f3cio de atender pessoas. O dinheiro \u00e9 consequ\u00eancia\u201d, disse.<\/p>\n<p align=\"justify\">Coincidentemente, um fundo de private equity se interessou em comprar o Viena e o empreendedor optou em cuidar apenas do R\u00e1scal. A segunda empresa, ao contr\u00e1rio da primeira, nasceu com estudo e planejamento. Com um espa\u00e7o ocioso no Shopping Iguatemi, Roberto estava em busca de alguma ideia para tirar do papel.<\/p>\n<p align=\"justify\">A \u2018luz\u2019 veio da mulher, Liane, que conheceu um restaurante na Alemanha com uma opera\u00e7\u00e3o ainda melhor no Canad\u00e1. O casal pegou um avi\u00e3o para conhecer o local, pagou passagem para o arquiteto da empresa e juntos eles formataram, l\u00e1 mesmo, o modelo para o Pa\u00eds: um self-service de alto n\u00edvel que serviria pizza, massa e salada.<\/p>\n<p align=\"justify\">\u201cO Rascal n\u00e3o podia ficar parecido com o Viena. Fizemos uma coisa mais sofisticada e o Viena era um buffet mais tradicional. O come\u00e7o foi dific\u00edlimo. Eu ficava na porta do Viena convidando os clientes para testarem o R\u00e1scal\u201d, lembrou.<br \/>\nRoberto, que j\u00e1 teve 100% do R\u00e1scal, divide hoje a empresa com mais dez s\u00f3cios. E est\u00e1 montando um grupo de jovens que ser\u00e3o os futuros empres\u00e1rios do neg\u00f3cio. \u201cEu n\u00e3o estou preocupado em passar isso para os meus filhos. Estou preocupado em passar para gente que perpetue a empresa\u201d, afirmou.<\/p>\n<p align=\"justify\">O empres\u00e1rio se prepara, atualmente, para inaugurar, em junho, a 12\u00aa unidade \u2013 ela vai funcionar no Aeroporto de Cumbica, em Guarulhos. Mas hoje sua preocupa\u00e7\u00e3o n\u00e3o est\u00e1 mais em cuidar do cotidiano da rede de restaurantes. O que ele quer \u00e9 evoluir. \u201cA concorr\u00eancia vem forte e voc\u00ea tem que estar sempre atento, ser obsessivo no que faz e estar o tempo inteiro olhando em como melhorar seu neg\u00f3cio\u201d, disse.<\/p>\n<p align=\"justify\"><strong>O que acertei<\/strong><br \/>\nRoberto considera um acerto ter percebido, na d\u00e9cada de 1980, que o mercado de shopping iria crescer e criar oportunidades. \u201cMeu acerto foi enxergar uma ancoragem. O shopping trazia o p\u00fablico e eu tinha que ter um bom servi\u00e7o, um bom produto e evoluir constantemente.\u201d Outros \u00eaxitos foram a profissionaliza\u00e7\u00e3o do Viena, a partir de 1996, e a entrada de s\u00f3cios no R\u00e1scal.<\/p>\n<p align=\"justify\"><strong>O que errei<br \/>\n<\/strong>Roberto j\u00e1 fechou mais de dez restaurantes, entre Viena e R\u00e1scal, por errar no endere\u00e7o de instala\u00e7\u00e3o. \u201cN\u00e3o identifiquei que o meu cliente n\u00e3o estava l\u00e1. Isso aconteceu e pode voltar a acontecer. Mas estamos prestando muita aten\u00e7\u00e3o porque custa caro. Quando d\u00e1 errado voc\u00ea tem que dar a volta por cima. Se n\u00e3o tem movimento, assumo o erro, contabilizo o preju\u00edzo e vou para o pr\u00f3ximo.\u201d<\/p>\n<p align=\"justify\"><strong>Uma dica<br \/>\n<\/strong>De acordo com o empres\u00e1rio, quem pretende ter seu pr\u00f3prio neg\u00f3cio vai precisar trabalhar duro, n\u00e3o ter\u00e1 hor\u00e1rio e vai ser empreendedor at\u00e9 o \u00faltimo dia de vida. \u201c\u00c9 preciso ser obsessivo, procurar melhorar seu neg\u00f3cio e minimizar os erros. Eu quero fazer restaurantes que tenham alma. Sou um m\u00e9dio empres\u00e1rio convicto. N\u00e3o tenho ambi\u00e7\u00e3o de ter mil lojas ou comprar empresas\u201d, disse.<\/p>\n<p><a href=\"http:\/\/www.gestaoderestaurantes.com.br\/premium-catalogo.html\"><img loading=\"lazy\" decoding=\"async\" class=\"aligncenter size-full wp-image-13357\" src=\"http:\/\/gestaoderestaurantes.com.br\/blog\/wp-content\/uploads\/2008\/06\/premium-administracao-1.png\" alt=\"\" width=\"750\" height=\"250\" srcset=\"https:\/\/gestaoderestaurantes.com.br\/blog\/wp-content\/uploads\/2008\/06\/premium-administracao-1.png 750w, https:\/\/gestaoderestaurantes.com.br\/blog\/wp-content\/uploads\/2008\/06\/premium-administracao-1-300x100.png 300w\" sizes=\"(max-width: 750px) 100vw, 750px\" \/><\/a><\/p>\n","protected":false},"excerpt":{"rendered":"<p>Roberto Bielawski iniciou por acaso o Viena, para complementar a renda, mas optou por come\u00e7ar de novo com o R\u00e1scal Empres\u00e1rio se prepara para inaugurar 12\u00aa unidade do R\u00e1scal O empres\u00e1rio Roberto Bielawski resolveu montar um quiosque de 50 metros quadrados no Conjunto Nacional para conseguir uma renda adicional depois da gradua\u00e7\u00e3o em economia. Meio [&hellip;]<\/p>\n","protected":false},"author":3,"featured_media":0,"comment_status":"open","ping_status":"open","sticky":false,"template":"","format":"standard","meta":{"footnotes":""},"categories":[4,16,225,20],"tags":[423,220,719,112],"yoast_head":"<!-- This site is optimized with the Yoast SEO plugin v24.5 - https:\/\/yoast.com\/wordpress\/plugins\/seo\/ -->\n<title>O senhor do self-service de luxo - GEST\u00c3O DE RESTAURANTES<\/title>\n<meta name=\"robots\" content=\"index, follow, max-snippet:-1, max-image-preview:large, max-video-preview:-1\" \/>\n<link rel=\"canonical\" href=\"https:\/\/gestaoderestaurantes.com.br\/blog\/administracao\/o-senhor-do-self-service-de-luxo\/\" \/>\n<meta property=\"og:locale\" content=\"pt_BR\" \/>\n<meta property=\"og:type\" content=\"article\" \/>\n<meta property=\"og:title\" content=\"O senhor do self-service de luxo - GEST\u00c3O DE RESTAURANTES\" \/>\n<meta property=\"og:description\" content=\"Roberto Bielawski iniciou por acaso o Viena, para complementar a renda, mas optou por come\u00e7ar de novo com o R\u00e1scal Empres\u00e1rio se prepara para inaugurar 12\u00aa unidade do R\u00e1scal O empres\u00e1rio Roberto Bielawski resolveu montar um quiosque de 50 metros quadrados no Conjunto Nacional para conseguir uma renda adicional depois da gradua\u00e7\u00e3o em economia. Meio [&hellip;]\" \/>\n<meta property=\"og:url\" content=\"https:\/\/gestaoderestaurantes.com.br\/blog\/administracao\/o-senhor-do-self-service-de-luxo\/\" \/>\n<meta property=\"og:site_name\" content=\"GEST\u00c3O DE RESTAURANTES\" \/>\n<meta property=\"article:published_time\" content=\"2021-06-13T12:21:00+00:00\" \/>\n<meta property=\"article:modified_time\" content=\"2021-06-16T14:26:39+00:00\" \/>\n<meta property=\"og:image\" content=\"http:\/\/gestaoderestaurantes.com.br\/blog\/wp-content\/uploads\/2014\/03\/13032014_thumb.jpg\" \/>\n<meta name=\"author\" content=\"Gest\u00e3o de Restaurantes\" \/>\n<meta name=\"twitter:card\" content=\"summary_large_image\" \/>\n<meta name=\"twitter:label1\" content=\"Escrito por\" \/>\n\t<meta name=\"twitter:data1\" content=\"Gest\u00e3o de Restaurantes\" \/>\n\t<meta name=\"twitter:label2\" content=\"Est. tempo de leitura\" \/>\n\t<meta name=\"twitter:data2\" content=\"4 minutos\" \/>\n<script type=\"application\/ld+json\" class=\"yoast-schema-graph\">{\"@context\":\"https:\/\/schema.org\",\"@graph\":[{\"@type\":\"Article\",\"@id\":\"https:\/\/gestaoderestaurantes.com.br\/blog\/administracao\/o-senhor-do-self-service-de-luxo\/#article\",\"isPartOf\":{\"@id\":\"https:\/\/gestaoderestaurantes.com.br\/blog\/administracao\/o-senhor-do-self-service-de-luxo\/\"},\"author\":{\"name\":\"Gest\u00e3o de Restaurantes\",\"@id\":\"https:\/\/gestaoderestaurantes.com.br\/blog\/#\/schema\/person\/f81faea281d148e85942baf46f9cbbd5\"},\"headline\":\"O senhor do self-service de luxo\",\"datePublished\":\"2021-06-13T12:21:00+00:00\",\"dateModified\":\"2021-06-16T14:26:39+00:00\",\"mainEntityOfPage\":{\"@id\":\"https:\/\/gestaoderestaurantes.com.br\/blog\/administracao\/o-senhor-do-self-service-de-luxo\/\"},\"wordCount\":764,\"commentCount\":0,\"publisher\":{\"@id\":\"https:\/\/gestaoderestaurantes.com.br\/blog\/#organization\"},\"image\":{\"@id\":\"https:\/\/gestaoderestaurantes.com.br\/blog\/administracao\/o-senhor-do-self-service-de-luxo\/#primaryimage\"},\"thumbnailUrl\":\"http:\/\/gestaoderestaurantes.com.br\/blog\/wp-content\/uploads\/2014\/03\/13032014_thumb.jpg\",\"keywords\":[\"administra\u00e7\u00e3o\",\"gest\u00e3o\",\"renda\",\"self-service\"],\"articleSection\":[\"Administra\u00e7\u00e3o\",\"Gerenciamento\",\"Investimento\",\"Not\u00edcias\"],\"inLanguage\":\"pt-BR\",\"potentialAction\":[{\"@type\":\"CommentAction\",\"name\":\"Comment\",\"target\":[\"https:\/\/gestaoderestaurantes.com.br\/blog\/administracao\/o-senhor-do-self-service-de-luxo\/#respond\"]}]},{\"@type\":\"WebPage\",\"@id\":\"https:\/\/gestaoderestaurantes.com.br\/blog\/administracao\/o-senhor-do-self-service-de-luxo\/\",\"url\":\"https:\/\/gestaoderestaurantes.com.br\/blog\/administracao\/o-senhor-do-self-service-de-luxo\/\",\"name\":\"O senhor do self-service de luxo - GEST\u00c3O DE RESTAURANTES\",\"isPartOf\":{\"@id\":\"https:\/\/gestaoderestaurantes.com.br\/blog\/#website\"},\"primaryImageOfPage\":{\"@id\":\"https:\/\/gestaoderestaurantes.com.br\/blog\/administracao\/o-senhor-do-self-service-de-luxo\/#primaryimage\"},\"image\":{\"@id\":\"https:\/\/gestaoderestaurantes.com.br\/blog\/administracao\/o-senhor-do-self-service-de-luxo\/#primaryimage\"},\"thumbnailUrl\":\"http:\/\/gestaoderestaurantes.com.br\/blog\/wp-content\/uploads\/2014\/03\/13032014_thumb.jpg\",\"datePublished\":\"2021-06-13T12:21:00+00:00\",\"dateModified\":\"2021-06-16T14:26:39+00:00\",\"breadcrumb\":{\"@id\":\"https:\/\/gestaoderestaurantes.com.br\/blog\/administracao\/o-senhor-do-self-service-de-luxo\/#breadcrumb\"},\"inLanguage\":\"pt-BR\",\"potentialAction\":[{\"@type\":\"ReadAction\",\"target\":[\"https:\/\/gestaoderestaurantes.com.br\/blog\/administracao\/o-senhor-do-self-service-de-luxo\/\"]}]},{\"@type\":\"ImageObject\",\"inLanguage\":\"pt-BR\",\"@id\":\"https:\/\/gestaoderestaurantes.com.br\/blog\/administracao\/o-senhor-do-self-service-de-luxo\/#primaryimage\",\"url\":\"https:\/\/gestaoderestaurantes.com.br\/blog\/wp-content\/uploads\/2014\/03\/13032014_thumb.jpg\",\"contentUrl\":\"https:\/\/gestaoderestaurantes.com.br\/blog\/wp-content\/uploads\/2014\/03\/13032014_thumb.jpg\",\"width\":300,\"height\":250},{\"@type\":\"BreadcrumbList\",\"@id\":\"https:\/\/gestaoderestaurantes.com.br\/blog\/administracao\/o-senhor-do-self-service-de-luxo\/#breadcrumb\",\"itemListElement\":[{\"@type\":\"ListItem\",\"position\":1,\"name\":\"In\u00edcio\",\"item\":\"https:\/\/gestaoderestaurantes.com.br\/blog\/\"},{\"@type\":\"ListItem\",\"position\":2,\"name\":\"O senhor do self-service de luxo\"}]},{\"@type\":\"WebSite\",\"@id\":\"https:\/\/gestaoderestaurantes.com.br\/blog\/#website\",\"url\":\"https:\/\/gestaoderestaurantes.com.br\/blog\/\",\"name\":\"GEST\u00c3O DE RESTAURANTES\",\"description\":\"Cursos para Restaurantes e Bares\",\"publisher\":{\"@id\":\"https:\/\/gestaoderestaurantes.com.br\/blog\/#organization\"},\"potentialAction\":[{\"@type\":\"SearchAction\",\"target\":{\"@type\":\"EntryPoint\",\"urlTemplate\":\"https:\/\/gestaoderestaurantes.com.br\/blog\/?s={search_term_string}\"},\"query-input\":{\"@type\":\"PropertyValueSpecification\",\"valueRequired\":true,\"valueName\":\"search_term_string\"}}],\"inLanguage\":\"pt-BR\"},{\"@type\":\"Organization\",\"@id\":\"https:\/\/gestaoderestaurantes.com.br\/blog\/#organization\",\"name\":\"GEST\u00c3O DE RESTAURANTES\",\"url\":\"https:\/\/gestaoderestaurantes.com.br\/blog\/\",\"logo\":{\"@type\":\"ImageObject\",\"inLanguage\":\"pt-BR\",\"@id\":\"https:\/\/gestaoderestaurantes.com.br\/blog\/#\/schema\/logo\/image\/\",\"url\":\"https:\/\/gestaoderestaurantes.com.br\/blog\/wp-content\/uploads\/2017\/02\/logo.png\",\"contentUrl\":\"https:\/\/gestaoderestaurantes.com.br\/blog\/wp-content\/uploads\/2017\/02\/logo.png\",\"width\":150,\"height\":150,\"caption\":\"GEST\u00c3O DE RESTAURANTES\"},\"image\":{\"@id\":\"https:\/\/gestaoderestaurantes.com.br\/blog\/#\/schema\/logo\/image\/\"}},{\"@type\":\"Person\",\"@id\":\"https:\/\/gestaoderestaurantes.com.br\/blog\/#\/schema\/person\/f81faea281d148e85942baf46f9cbbd5\",\"name\":\"Gest\u00e3o de Restaurantes\",\"image\":{\"@type\":\"ImageObject\",\"inLanguage\":\"pt-BR\",\"@id\":\"https:\/\/gestaoderestaurantes.com.br\/blog\/#\/schema\/person\/image\/\",\"url\":\"https:\/\/secure.gravatar.com\/avatar\/b589d30c197e3c258b1b65aa142c72b5?s=96&d=mm&r=g\",\"contentUrl\":\"https:\/\/secure.gravatar.com\/avatar\/b589d30c197e3c258b1b65aa142c72b5?s=96&d=mm&r=g\",\"caption\":\"Gest\u00e3o de Restaurantes\"},\"url\":\"https:\/\/gestaoderestaurantes.com.br\/blog\/author\/alisonalves\/\"}]}<\/script>\n<!-- \/ Yoast SEO plugin. -->","yoast_head_json":{"title":"O senhor do self-service de luxo - GEST\u00c3O DE RESTAURANTES","robots":{"index":"index","follow":"follow","max-snippet":"max-snippet:-1","max-image-preview":"max-image-preview:large","max-video-preview":"max-video-preview:-1"},"canonical":"https:\/\/gestaoderestaurantes.com.br\/blog\/administracao\/o-senhor-do-self-service-de-luxo\/","og_locale":"pt_BR","og_type":"article","og_title":"O senhor do self-service de luxo - GEST\u00c3O DE RESTAURANTES","og_description":"Roberto Bielawski iniciou por acaso o Viena, para complementar a renda, mas optou por come\u00e7ar de novo com o R\u00e1scal Empres\u00e1rio se prepara para inaugurar 12\u00aa unidade do R\u00e1scal O empres\u00e1rio Roberto Bielawski resolveu montar um quiosque de 50 metros quadrados no Conjunto Nacional para conseguir uma renda adicional depois da gradua\u00e7\u00e3o em economia. Meio [&hellip;]","og_url":"https:\/\/gestaoderestaurantes.com.br\/blog\/administracao\/o-senhor-do-self-service-de-luxo\/","og_site_name":"GEST\u00c3O DE RESTAURANTES","article_published_time":"2021-06-13T12:21:00+00:00","article_modified_time":"2021-06-16T14:26:39+00:00","og_image":[{"url":"http:\/\/gestaoderestaurantes.com.br\/blog\/wp-content\/uploads\/2014\/03\/13032014_thumb.jpg","type":"","width":"","height":""}],"author":"Gest\u00e3o de Restaurantes","twitter_card":"summary_large_image","twitter_misc":{"Escrito por":"Gest\u00e3o de Restaurantes","Est. tempo de leitura":"4 minutos"},"schema":{"@context":"https:\/\/schema.org","@graph":[{"@type":"Article","@id":"https:\/\/gestaoderestaurantes.com.br\/blog\/administracao\/o-senhor-do-self-service-de-luxo\/#article","isPartOf":{"@id":"https:\/\/gestaoderestaurantes.com.br\/blog\/administracao\/o-senhor-do-self-service-de-luxo\/"},"author":{"name":"Gest\u00e3o de Restaurantes","@id":"https:\/\/gestaoderestaurantes.com.br\/blog\/#\/schema\/person\/f81faea281d148e85942baf46f9cbbd5"},"headline":"O senhor do self-service de luxo","datePublished":"2021-06-13T12:21:00+00:00","dateModified":"2021-06-16T14:26:39+00:00","mainEntityOfPage":{"@id":"https:\/\/gestaoderestaurantes.com.br\/blog\/administracao\/o-senhor-do-self-service-de-luxo\/"},"wordCount":764,"commentCount":0,"publisher":{"@id":"https:\/\/gestaoderestaurantes.com.br\/blog\/#organization"},"image":{"@id":"https:\/\/gestaoderestaurantes.com.br\/blog\/administracao\/o-senhor-do-self-service-de-luxo\/#primaryimage"},"thumbnailUrl":"http:\/\/gestaoderestaurantes.com.br\/blog\/wp-content\/uploads\/2014\/03\/13032014_thumb.jpg","keywords":["administra\u00e7\u00e3o","gest\u00e3o","renda","self-service"],"articleSection":["Administra\u00e7\u00e3o","Gerenciamento","Investimento","Not\u00edcias"],"inLanguage":"pt-BR","potentialAction":[{"@type":"CommentAction","name":"Comment","target":["https:\/\/gestaoderestaurantes.com.br\/blog\/administracao\/o-senhor-do-self-service-de-luxo\/#respond"]}]},{"@type":"WebPage","@id":"https:\/\/gestaoderestaurantes.com.br\/blog\/administracao\/o-senhor-do-self-service-de-luxo\/","url":"https:\/\/gestaoderestaurantes.com.br\/blog\/administracao\/o-senhor-do-self-service-de-luxo\/","name":"O senhor do self-service de luxo - GEST\u00c3O DE RESTAURANTES","isPartOf":{"@id":"https:\/\/gestaoderestaurantes.com.br\/blog\/#website"},"primaryImageOfPage":{"@id":"https:\/\/gestaoderestaurantes.com.br\/blog\/administracao\/o-senhor-do-self-service-de-luxo\/#primaryimage"},"image":{"@id":"https:\/\/gestaoderestaurantes.com.br\/blog\/administracao\/o-senhor-do-self-service-de-luxo\/#primaryimage"},"thumbnailUrl":"http:\/\/gestaoderestaurantes.com.br\/blog\/wp-content\/uploads\/2014\/03\/13032014_thumb.jpg","datePublished":"2021-06-13T12:21:00+00:00","dateModified":"2021-06-16T14:26:39+00:00","breadcrumb":{"@id":"https:\/\/gestaoderestaurantes.com.br\/blog\/administracao\/o-senhor-do-self-service-de-luxo\/#breadcrumb"},"inLanguage":"pt-BR","potentialAction":[{"@type":"ReadAction","target":["https:\/\/gestaoderestaurantes.com.br\/blog\/administracao\/o-senhor-do-self-service-de-luxo\/"]}]},{"@type":"ImageObject","inLanguage":"pt-BR","@id":"https:\/\/gestaoderestaurantes.com.br\/blog\/administracao\/o-senhor-do-self-service-de-luxo\/#primaryimage","url":"https:\/\/gestaoderestaurantes.com.br\/blog\/wp-content\/uploads\/2014\/03\/13032014_thumb.jpg","contentUrl":"https:\/\/gestaoderestaurantes.com.br\/blog\/wp-content\/uploads\/2014\/03\/13032014_thumb.jpg","width":300,"height":250},{"@type":"BreadcrumbList","@id":"https:\/\/gestaoderestaurantes.com.br\/blog\/administracao\/o-senhor-do-self-service-de-luxo\/#breadcrumb","itemListElement":[{"@type":"ListItem","position":1,"name":"In\u00edcio","item":"https:\/\/gestaoderestaurantes.com.br\/blog\/"},{"@type":"ListItem","position":2,"name":"O senhor do self-service de luxo"}]},{"@type":"WebSite","@id":"https:\/\/gestaoderestaurantes.com.br\/blog\/#website","url":"https:\/\/gestaoderestaurantes.com.br\/blog\/","name":"GEST\u00c3O DE RESTAURANTES","description":"Cursos para Restaurantes e Bares","publisher":{"@id":"https:\/\/gestaoderestaurantes.com.br\/blog\/#organization"},"potentialAction":[{"@type":"SearchAction","target":{"@type":"EntryPoint","urlTemplate":"https:\/\/gestaoderestaurantes.com.br\/blog\/?s={search_term_string}"},"query-input":{"@type":"PropertyValueSpecification","valueRequired":true,"valueName":"search_term_string"}}],"inLanguage":"pt-BR"},{"@type":"Organization","@id":"https:\/\/gestaoderestaurantes.com.br\/blog\/#organization","name":"GEST\u00c3O DE RESTAURANTES","url":"https:\/\/gestaoderestaurantes.com.br\/blog\/","logo":{"@type":"ImageObject","inLanguage":"pt-BR","@id":"https:\/\/gestaoderestaurantes.com.br\/blog\/#\/schema\/logo\/image\/","url":"https:\/\/gestaoderestaurantes.com.br\/blog\/wp-content\/uploads\/2017\/02\/logo.png","contentUrl":"https:\/\/gestaoderestaurantes.com.br\/blog\/wp-content\/uploads\/2017\/02\/logo.png","width":150,"height":150,"caption":"GEST\u00c3O DE RESTAURANTES"},"image":{"@id":"https:\/\/gestaoderestaurantes.com.br\/blog\/#\/schema\/logo\/image\/"}},{"@type":"Person","@id":"https:\/\/gestaoderestaurantes.com.br\/blog\/#\/schema\/person\/f81faea281d148e85942baf46f9cbbd5","name":"Gest\u00e3o de Restaurantes","image":{"@type":"ImageObject","inLanguage":"pt-BR","@id":"https:\/\/gestaoderestaurantes.com.br\/blog\/#\/schema\/person\/image\/","url":"https:\/\/secure.gravatar.com\/avatar\/b589d30c197e3c258b1b65aa142c72b5?s=96&d=mm&r=g","contentUrl":"https:\/\/secure.gravatar.com\/avatar\/b589d30c197e3c258b1b65aa142c72b5?s=96&d=mm&r=g","caption":"Gest\u00e3o de Restaurantes"},"url":"https:\/\/gestaoderestaurantes.com.br\/blog\/author\/alisonalves\/"}]}},"_links":{"self":[{"href":"https:\/\/gestaoderestaurantes.com.br\/blog\/wp-json\/wp\/v2\/posts\/3947"}],"collection":[{"href":"https:\/\/gestaoderestaurantes.com.br\/blog\/wp-json\/wp\/v2\/posts"}],"about":[{"href":"https:\/\/gestaoderestaurantes.com.br\/blog\/wp-json\/wp\/v2\/types\/post"}],"author":[{"embeddable":true,"href":"https:\/\/gestaoderestaurantes.com.br\/blog\/wp-json\/wp\/v2\/users\/3"}],"replies":[{"embeddable":true,"href":"https:\/\/gestaoderestaurantes.com.br\/blog\/wp-json\/wp\/v2\/comments?post=3947"}],"version-history":[{"count":4,"href":"https:\/\/gestaoderestaurantes.com.br\/blog\/wp-json\/wp\/v2\/posts\/3947\/revisions"}],"predecessor-version":[{"id":20003,"href":"https:\/\/gestaoderestaurantes.com.br\/blog\/wp-json\/wp\/v2\/posts\/3947\/revisions\/20003"}],"wp:attachment":[{"href":"https:\/\/gestaoderestaurantes.com.br\/blog\/wp-json\/wp\/v2\/media?parent=3947"}],"wp:term":[{"taxonomy":"category","embeddable":true,"href":"https:\/\/gestaoderestaurantes.com.br\/blog\/wp-json\/wp\/v2\/categories?post=3947"},{"taxonomy":"post_tag","embeddable":true,"href":"https:\/\/gestaoderestaurantes.com.br\/blog\/wp-json\/wp\/v2\/tags?post=3947"}],"curies":[{"name":"wp","href":"https:\/\/api.w.org\/{rel}","templated":true}]}}