{"id":7529,"date":"2021-07-18T16:09:00","date_gmt":"2021-07-18T19:09:00","guid":{"rendered":"http:\/\/gestaoderestaurantes.com.br\/blog\/?p=7529"},"modified":"2021-08-25T08:03:01","modified_gmt":"2021-08-25T11:03:01","slug":"de-onde-saem-as-loucas-feitas-sob-medida-para-restaurantes-do-rio","status":"publish","type":"post","link":"https:\/\/gestaoderestaurantes.com.br\/blog\/decoracao\/de-onde-saem-as-loucas-feitas-sob-medida-para-restaurantes-do-rio\/","title":{"rendered":"De onde saem as lou\u00e7as feitas sob medida para restaurantes do Rio"},"content":{"rendered":"<p style=\"text-align: justify;\">RIO &#8211; A vers\u00e3o em palmito pupunha da massa cl\u00e1ssica romana Cacio e Pepe (literalmente, queijo e pimenta) chega num generoso <em>bowl<\/em> em tons de branco e areia. A presen\u00e7a se imp\u00f5e sobre a mesa do Iraj\u00e1 Gastr\u00f4. Impressiona at\u00e9 mesmo o franc\u00eas Alain Ducasse, chef tr\u00eas estrelas \u201cMichelin\u201d e propriet\u00e1rio de 35 restaurantes em nove pa\u00edses. Em visita ao Brasil em meados de 2015, elogiou a lou\u00e7a, e saiu do restaurante com um exemplar debaixo do bra\u00e7o.<\/p>\n<div id=\"attachment_7532\" style=\"width: 709px\" class=\"wp-caption aligncenter\"><img loading=\"lazy\" decoding=\"async\" aria-describedby=\"caption-attachment-7532\" class=\"curso restaurante wp-image-7532 size-full\" title=\"curso restaurante\" src=\"http:\/\/gestaoderestaurantes.com.br\/blog\/wp-content\/uploads\/2017\/05\/17052017.jpg\" alt=\"curso restaurante\" width=\"699\" height=\"420\" srcset=\"https:\/\/gestaoderestaurantes.com.br\/blog\/wp-content\/uploads\/2017\/05\/17052017.jpg 699w, https:\/\/gestaoderestaurantes.com.br\/blog\/wp-content\/uploads\/2017\/05\/17052017-300x180.jpg 300w\" sizes=\"(max-width: 699px) 100vw, 699px\" \/><p id=\"caption-attachment-7532\" class=\"wp-caption-text\">curso restaurante<\/p><\/div>\n<p style=\"text-align: justify;\">\u2014 Os restaurantes sa\u00edram da ind\u00fastria de porcelana e adotaram a cer\u00e2mica, que, por ser artesanal, permite criar lou\u00e7as exclusivas e pensadas para cada necessidade e contexto. Cada vez que penso em um card\u00e1pio, coloco no papel uma ideia de lou\u00e7as para acompanhar. O prato tem que funcionar como uma tela \u2014 define Pedro Artag\u00e3o, \u00e0 frente do Iraj\u00e1, em Botafogo.<\/p>\n<p style=\"text-align: justify;\">O <a href=\"http:\/\/gestaoderestaurantes.com.br\/blog\/index.php\/2015\/08\/19\/como-escolher-a-cadeira-ideal-para-restaurantes-e-bares\/\">design <\/a>das pe\u00e7as fica a cargo da ceramista Alice Felzenszwalb, que mant\u00e9m seu ateli\u00ea a todo vapor no Jardim Bot\u00e2nico, produzindo lou\u00e7as para restaurantes como Puro, Zuka e Venga, e tamb\u00e9m para uso dom\u00e9stico. Uma nova leva de pratos para o Iraj\u00e1 est\u00e1 prestes a sair do forno. Agora, Pedro apostou no branco para compor o menu, subvertendo a monotonia da cor, t\u00e3o comum na lou\u00e7a caseira.<\/p>\n<p style=\"text-align: justify;\">\u2014 Como o branco interfere menos, pudemos impressionar na forma. Os pratos novos t\u00eam profundidades e formatos diferentes. Em alguns, fizemos fundos canelados, para dar um efeito de que a comida flutua \u2014 explica Pedro, no plural, sobre a cria\u00e7\u00e3o da nova linha.<\/p>\n<p style=\"text-align: justify;\"><img loading=\"lazy\" decoding=\"async\" class=\"size-full wp-image-7531 alignleft\" src=\"http:\/\/gestaoderestaurantes.com.br\/blog\/wp-content\/uploads\/2017\/05\/17052017A.jpg\" alt=\"\" width=\"320\" height=\"478\" srcset=\"https:\/\/gestaoderestaurantes.com.br\/blog\/wp-content\/uploads\/2017\/05\/17052017A.jpg 320w, https:\/\/gestaoderestaurantes.com.br\/blog\/wp-content\/uploads\/2017\/05\/17052017A-201x300.jpg 201w\" sizes=\"(max-width: 320px) 100vw, 320px\" \/><\/p>\n<div class=\"foto\" style=\"text-align: justify;\">\n<figure><figcaption>No quase vizinho Lasai, o celebrado \u201covo caipira\u201d (na verdade, um creme de inhame, leite de coco, gema e crocante de carne-seca) chega \u00e0 mesa em pratos coloridos: verde, marrom, preto ou cinza, dependendo do n\u00famero de comensais. J\u00e1 um quarteto de aperitivos \u00e9 apresentado num bloco escultural preto. Com um card\u00e1pio mutante, modificado em fun\u00e7\u00e3o da sazonalidade dos ingredientes, o restaurante tamb\u00e9m faz dos pratos uma surpresa \u00e0 parte.<\/figcaption><\/figure>\n<\/div>\n<p style=\"text-align: justify;\">\u2014 A gente ainda n\u00e3o consegue desenhar uma cer\u00e2mica para cada prato, \u00e9 um material mais caro que a lou\u00e7a e tamb\u00e9m porque nosso card\u00e1pio \u00e9 sazonal. Por isso, as pe\u00e7as s\u00e3o usadas em diferentes menus. Como na mesa de casa, o importante \u00e9 manter um contraste de cores e o volume da comida. Uma salada num prato fundo se perde \u2014 exemplifica o chef Rafa Costa e Silva.<\/p>\n<p style=\"text-align: justify;\"><a href=\"http:\/\/www.gestaoderestaurantes.com.br\/loja_virtual.html\"><img loading=\"lazy\" decoding=\"async\" class=\"aligncenter size-full wp-image-5803\" src=\"http:\/\/gestaoderestaurantes.com.br\/blog\/wp-content\/uploads\/2016\/07\/banner_cardapio_rest_ss.png\" alt=\"\" width=\"500\" height=\"170\" srcset=\"https:\/\/gestaoderestaurantes.com.br\/blog\/wp-content\/uploads\/2016\/07\/banner_cardapio_rest_ss.png 500w, https:\/\/gestaoderestaurantes.com.br\/blog\/wp-content\/uploads\/2016\/07\/banner_cardapio_rest_ss-300x102.png 300w\" sizes=\"(max-width: 500px) 100vw, 500px\" \/><\/a><\/p>\n<p style=\"text-align: justify;\">As pe\u00e7as do Lasai v\u00eam do paulista Studioneves, que faz cer\u00e2micas sob medida para casas como D.O.M., de Alex Atala, e Man\u00ed, de Helena Rizzo, e do carioca Ibicoio, comandado pelas ceramistas Luiza Aquim e Cec\u00edlia Gibbs. A encomenda de mil pe\u00e7as para o Lasai foi o primeiro grande desafio do ateli\u00ea, cujo nome significa \u201cterra que veio do Rio\u201d em tupi.<\/p>\n<p style=\"text-align: justify;\">\u2014 O Rafa veio, desenhou o que queria e anotou as quantidades. Quando ele foi embora, come\u00e7amos a contabilizar o total. Levamos um susto. Nunca t\u00ednhamos feito nada do g\u00eanero \u2014 lembra Luiza.<\/p>\n<p style=\"text-align: justify;\">Fundadora do buf\u00ea Aquim, ela conheceu Cec\u00edlia num curso de cer\u00e2mica, ap\u00f3s se aposentar do comando da empresa, hoje chefiada por seus filhos. Fascinadas pela transforma\u00e7\u00e3o da argila, as duas nunca ficavam satisfeitas ao final das aulas. Resolveram, ent\u00e3o, comprar um forno para continuar praticando. Luiza criou um anexo no jardim de sua casa, no Cosme Velho, e assim nasceu o Ibicoio, que hoje tem no rol de clientes restaurantes como Rubaiyat e Apraz\u00edvel. Quem agenda uma visita ao ateli\u00ea \u00e0s vezes tem uma surpesa: as cer\u00e2micas s\u00e3o vendidas a quilo no ateli\u00ea.<\/p>\n<p style=\"text-align: justify;\">\u2014 Somos duas velhinhas nos divertindo \u2014 brinca Cec\u00edlia. \u2014 A gente n\u00e3o para de aprender.<\/p>\n<p style=\"text-align: justify;\">At\u00e9 a v\u00e9spera da Olimp\u00edada do Rio, a dupla (e mais um punhado de funcion\u00e1rios) est\u00e1 \u00e0s voltas com uma encomenda de tr\u00eas mil pe\u00e7as para o buf\u00ea Aquim, respons\u00e1vel pelos comes e bebes de diversos espa\u00e7os do evento, entre eles as casas brit\u00e2nica e francesa.<\/p>\n<p style=\"text-align: justify;\">\u2014 Comida \u00e9 o resultado do amor com que voc\u00ea prepara e apresenta os ingredientes. O prato \u00e9 parte muito importante nisso \u2014 aposta Luiza.<\/p>\n<div id=\"pub-retangulo-2\" class=\"arroba publicidade clearfix\" style=\"text-align: justify;\" data-google-query-id=\"CLHS9YPL99MCFcMLkQodmWgBHA\">\n<p>No Naturalie Bistr\u00f4, em Botafogo, uma hist\u00f3ria parecida. Luciana Tiefel procurava uma ocupa\u00e7\u00e3o durante o m\u00eas de repouso recomendado por seu m\u00e9dico. Foi parar no est\u00fadio da artista pl\u00e1stica Teresa Merheb. De ceramista amadora, passou a produzir as pe\u00e7as que recebem as cria\u00e7\u00f5es da filha, a chef Nathalie Passos.<\/p>\n<p><img loading=\"lazy\" decoding=\"async\" class=\"size-full wp-image-7530\" src=\"http:\/\/gestaoderestaurantes.com.br\/blog\/wp-content\/uploads\/2017\/05\/17052017B.jpg\" alt=\"\" width=\"434\" height=\"500\" srcset=\"https:\/\/gestaoderestaurantes.com.br\/blog\/wp-content\/uploads\/2017\/05\/17052017B.jpg 434w, https:\/\/gestaoderestaurantes.com.br\/blog\/wp-content\/uploads\/2017\/05\/17052017B-260x300.jpg 260w\" sizes=\"(max-width: 434px) 100vw, 434px\" \/><\/p>\n<\/div>\n<p style=\"text-align: justify;\">\u2014 Nas aulas, descobri que a Teresa fazia cer\u00e2micas para restaurantes. S\u00f3 que ela n\u00e3o tinha como assumir novas encomendas. E me disse: \u201cVoc\u00ea \u00e9 quem vai fazer para sua filha.\u201d Fiquei tr\u00eas meses, at\u00e9 o restaurante abrir, fazendo as pe\u00e7as. Nunca pensei que fosse capaz de fazer uma lou\u00e7a \u2014 lembra Luciana.<\/p>\n<p style=\"text-align: justify;\">A temporada no ateli\u00ea rendeu a produ\u00e7\u00e3o de panelinhas, <em>bowls<\/em>, molheiras e pratos em estilos r\u00fastico e <em>clean<\/em> (\u201cA comida que fazemos j\u00e1 \u00e9 bem colorida\u201d, diz). No sal\u00e3o, um estante ainda guarda parte da cole\u00e7\u00e3o de lou\u00e7as de Luciana, garimpadas em viagens.<\/p>\n<p style=\"text-align: justify;\">\u2014 Eu e a Nathalie moramos em Nova York para estudar gastronomia antes de abrir o restaurante. Eu sempre comprava loucinhas coloridas. Em viagens, levo normalmente uma malinha s\u00f3 para traz\u00ea-las. Isso inspirava a gente na cria\u00e7\u00e3o dos pratos \u2014 conta.<\/p>\n<p style=\"text-align: justify;\">O chef Felipe Bronze \u00e9 outro colecionador de lou\u00e7as. Ele calcula que tem um acervo com cerca de cem tipos diferentes, sem contabilizar a quantidade de cada um:<\/p>\n<p style=\"text-align: justify;\">\u2014 O acervo \u00e9 enorme. Adoro escolher a lou\u00e7a, porque ela \u00e9 parte da experi\u00eancia do jantar. Indissoci\u00e1vel da comida. O prato esconde ou valoriza o trabalho, tem um apelo visual que \u00e9 importante quando voc\u00ea come\u00e7a a comer.<\/p>\n<p style=\"text-align: justify;\">No remodelado Oro, no Leblon, o chef misturou itens do Wabi-Sabi Ateli\u00ea, do Studioneves, da moderna espanhola Lusema &amp; Vega, da portuguesa Vista Alegre e \u201cmuita coisa do Jap\u00e3o\u201d:<\/p>\n<p style=\"text-align: justify;\">\u2014 Como no Oro h\u00e1 um encontro r\u00fastico com o moderno, tamb\u00e9m usei lou\u00e7as com esse apelo. A riqueza est\u00e1 na pluralidade de influ\u00eancias.<\/p>\n<div class=\"foto esquerda vertical\" style=\"text-align: justify;\">\n<figure><\/figure>\n<p>Paulo Vergueiro em seu ateli\u00ea: 14 anos dedicados \u00e0 arte de moldar vidros <b>&#8211; Fernando Lemos<\/b><\/p>\n<\/div>\n<p style=\"text-align: justify;\">Para escolher as combina\u00e7\u00f5es, Felipe tem algumas dicas: um prato azul para servir frutos do mar, outro em formato oval para servir um ovo.<\/p>\n<p style=\"text-align: justify;\">\u2014 No \u00faltimo card\u00e1pio, eu servia uma carne mal passada num prato que parecia estar sangrando. Algumas pessoas achavam que a pintura da lou\u00e7a era o sangue da pr\u00f3pria carne.<\/p>\n<p style=\"text-align: justify;\">Ainda que a cer\u00e2mica domine o cen\u00e1rio gastron\u00f4mico atual, o vidro foi a escolha da chef In\u00eas Braconnot para o rec\u00e9m-aberto R\u00f3, especializado em comida crua, no Jardim Bot\u00e2nico:<\/p>\n<p style=\"text-align: justify;\">\u2014 O elemento principal da nossa cozinha \u00e9 a \u00e1gua e n\u00e3o o fogo. O vidro evoca essa hist\u00f3ria fluidez.<\/p>\n<div id=\"pub-retangulo-3\" class=\"arroba publicidade clearfix\" style=\"text-align: justify;\" data-google-query-id=\"CJLm9YPL99MCFQoRkQodBU4B9A\">\n<div id=\"google_ads_iframe_\/95377733\/info.web.ela\/gastronomia_2__container__\">As formas dos pratos s\u00e3o moldadas com precis\u00e3o tamb\u00e9m pelo artista pl\u00e1stico Paulo Vergueiro, engenheiro el\u00e9trico por forma\u00e7\u00e3o. Uma diferen\u00e7a de graus cent\u00edgrados muda a forma das lou\u00e7as e esculturas forjadas no forno de seu ateli\u00ea, em Vargem Grande.<\/div>\n<\/div>\n<p style=\"text-align: justify;\">Ap\u00f3s duas d\u00e9cadas dedicando-se \u00e0 cer\u00e2mica, ele se rendeu aos vidros, material com que trabalha h\u00e1 14 anos.<\/p>\n<p style=\"text-align: justify;\">\u2014 A cer\u00e2mica \u00e9 um corpo opaco. Comecei a sentir falta da transpar\u00eancia. E o vidro surgiu como forma de suprir essa necessidade \u2014 conta. \u2014 Fazer lou\u00e7a \u00e9 quase um desenvolvimento de produto. \u00c9 um constante processo de cria\u00e7\u00e3o.<\/p>\n<p style=\"text-align: justify;\">Fonte: <a href=\"https:\/\/oglobo.globo.com\/ela\/gastronomia\/de-onde-saem-as-loucas-feitas-sob-medida-para-restaurantes-do-rio-19667260#ixzz4hMbiNzDc\">https:\/\/oglobo.globo.com\/ela\/gastronomia\/de-onde-saem-as-loucas-feitas-sob-medida-para-restaurantes-do-rio-19667260#ixzz4hMbiNzDc<\/a><\/p>\n<p style=\"text-align: justify;\"><a href=\"http:\/\/www.gestaoderestaurantes.com.br\/premium-catalogo.html\"><img loading=\"lazy\" decoding=\"async\" class=\"aligncenter size-full wp-image-13357\" src=\"http:\/\/gestaoderestaurantes.com.br\/blog\/wp-content\/uploads\/2008\/06\/premium-administracao-1.png\" alt=\"\" width=\"750\" height=\"250\" srcset=\"https:\/\/gestaoderestaurantes.com.br\/blog\/wp-content\/uploads\/2008\/06\/premium-administracao-1.png 750w, https:\/\/gestaoderestaurantes.com.br\/blog\/wp-content\/uploads\/2008\/06\/premium-administracao-1-300x100.png 300w\" sizes=\"(max-width: 750px) 100vw, 750px\" \/><\/a><\/p>\n","protected":false},"excerpt":{"rendered":"<p>RIO &#8211; A vers\u00e3o em palmito pupunha da massa cl\u00e1ssica romana Cacio e Pepe (literalmente, queijo e pimenta) chega num generoso bowl em tons de branco e areia. A presen\u00e7a se imp\u00f5e sobre a mesa do Iraj\u00e1 Gastr\u00f4. Impressiona at\u00e9 mesmo o franc\u00eas Alain Ducasse, chef tr\u00eas estrelas \u201cMichelin\u201d e propriet\u00e1rio de 35 restaurantes em [&hellip;]<\/p>\n","protected":false},"author":3,"featured_media":0,"comment_status":"open","ping_status":"open","sticky":false,"template":"","format":"standard","meta":{"footnotes":""},"categories":[56,9,10,222,20],"tags":[1029,1015,791,553],"yoast_head":"<!-- This site is optimized with the Yoast SEO plugin v24.5 - https:\/\/yoast.com\/wordpress\/plugins\/seo\/ -->\n<title>De onde saem as lou\u00e7as feitas sob medida para restaurantes do Rio - GEST\u00c3O DE RESTAURANTES<\/title>\n<meta name=\"robots\" content=\"index, follow, max-snippet:-1, max-image-preview:large, max-video-preview:-1\" \/>\n<link rel=\"canonical\" href=\"https:\/\/gestaoderestaurantes.com.br\/blog\/decoracao\/de-onde-saem-as-loucas-feitas-sob-medida-para-restaurantes-do-rio\/\" \/>\n<meta property=\"og:locale\" content=\"pt_BR\" \/>\n<meta property=\"og:type\" content=\"article\" \/>\n<meta property=\"og:title\" content=\"De onde saem as lou\u00e7as feitas sob medida para restaurantes do Rio - GEST\u00c3O DE RESTAURANTES\" \/>\n<meta property=\"og:description\" content=\"RIO &#8211; A vers\u00e3o em palmito pupunha da massa cl\u00e1ssica romana Cacio e Pepe (literalmente, queijo e pimenta) chega num generoso bowl em tons de branco e areia. A presen\u00e7a se imp\u00f5e sobre a mesa do Iraj\u00e1 Gastr\u00f4. Impressiona at\u00e9 mesmo o franc\u00eas Alain Ducasse, chef tr\u00eas estrelas \u201cMichelin\u201d e propriet\u00e1rio de 35 restaurantes em [&hellip;]\" \/>\n<meta property=\"og:url\" content=\"https:\/\/gestaoderestaurantes.com.br\/blog\/decoracao\/de-onde-saem-as-loucas-feitas-sob-medida-para-restaurantes-do-rio\/\" \/>\n<meta property=\"og:site_name\" content=\"GEST\u00c3O DE RESTAURANTES\" \/>\n<meta property=\"article:published_time\" content=\"2021-07-18T19:09:00+00:00\" \/>\n<meta property=\"article:modified_time\" content=\"2021-08-25T11:03:01+00:00\" \/>\n<meta property=\"og:image\" content=\"http:\/\/gestaoderestaurantes.com.br\/blog\/wp-content\/uploads\/2017\/05\/17052017.jpg\" \/>\n<meta name=\"author\" content=\"Gest\u00e3o de Restaurantes\" \/>\n<meta name=\"twitter:card\" content=\"summary_large_image\" \/>\n<meta name=\"twitter:label1\" content=\"Escrito por\" \/>\n\t<meta name=\"twitter:data1\" content=\"Gest\u00e3o de Restaurantes\" \/>\n\t<meta name=\"twitter:label2\" content=\"Est. tempo de leitura\" \/>\n\t<meta name=\"twitter:data2\" content=\"6 minutos\" \/>\n<script type=\"application\/ld+json\" class=\"yoast-schema-graph\">{\"@context\":\"https:\/\/schema.org\",\"@graph\":[{\"@type\":\"Article\",\"@id\":\"https:\/\/gestaoderestaurantes.com.br\/blog\/decoracao\/de-onde-saem-as-loucas-feitas-sob-medida-para-restaurantes-do-rio\/#article\",\"isPartOf\":{\"@id\":\"https:\/\/gestaoderestaurantes.com.br\/blog\/decoracao\/de-onde-saem-as-loucas-feitas-sob-medida-para-restaurantes-do-rio\/\"},\"author\":{\"name\":\"Gest\u00e3o de Restaurantes\",\"@id\":\"https:\/\/gestaoderestaurantes.com.br\/blog\/#\/schema\/person\/f81faea281d148e85942baf46f9cbbd5\"},\"headline\":\"De onde saem as lou\u00e7as feitas sob medida para restaurantes do Rio\",\"datePublished\":\"2021-07-18T19:09:00+00:00\",\"dateModified\":\"2021-08-25T11:03:01+00:00\",\"mainEntityOfPage\":{\"@id\":\"https:\/\/gestaoderestaurantes.com.br\/blog\/decoracao\/de-onde-saem-as-loucas-feitas-sob-medida-para-restaurantes-do-rio\/\"},\"wordCount\":1293,\"commentCount\":0,\"publisher\":{\"@id\":\"https:\/\/gestaoderestaurantes.com.br\/blog\/#organization\"},\"image\":{\"@id\":\"https:\/\/gestaoderestaurantes.com.br\/blog\/decoracao\/de-onde-saem-as-loucas-feitas-sob-medida-para-restaurantes-do-rio\/#primaryimage\"},\"thumbnailUrl\":\"http:\/\/gestaoderestaurantes.com.br\/blog\/wp-content\/uploads\/2017\/05\/17052017.jpg\",\"keywords\":[\"cer\u00e2mica\",\"Decora\u00e7\u00e3o\",\"pratos\",\"utens\u00edlios\"],\"articleSection\":[\"Atendimento\",\"Decora\u00e7\u00e3o\",\"Dicas\",\"Gastronomia\",\"Not\u00edcias\"],\"inLanguage\":\"pt-BR\",\"potentialAction\":[{\"@type\":\"CommentAction\",\"name\":\"Comment\",\"target\":[\"https:\/\/gestaoderestaurantes.com.br\/blog\/decoracao\/de-onde-saem-as-loucas-feitas-sob-medida-para-restaurantes-do-rio\/#respond\"]}]},{\"@type\":\"WebPage\",\"@id\":\"https:\/\/gestaoderestaurantes.com.br\/blog\/decoracao\/de-onde-saem-as-loucas-feitas-sob-medida-para-restaurantes-do-rio\/\",\"url\":\"https:\/\/gestaoderestaurantes.com.br\/blog\/decoracao\/de-onde-saem-as-loucas-feitas-sob-medida-para-restaurantes-do-rio\/\",\"name\":\"De onde saem as lou\u00e7as feitas sob medida para restaurantes do Rio - GEST\u00c3O DE RESTAURANTES\",\"isPartOf\":{\"@id\":\"https:\/\/gestaoderestaurantes.com.br\/blog\/#website\"},\"primaryImageOfPage\":{\"@id\":\"https:\/\/gestaoderestaurantes.com.br\/blog\/decoracao\/de-onde-saem-as-loucas-feitas-sob-medida-para-restaurantes-do-rio\/#primaryimage\"},\"image\":{\"@id\":\"https:\/\/gestaoderestaurantes.com.br\/blog\/decoracao\/de-onde-saem-as-loucas-feitas-sob-medida-para-restaurantes-do-rio\/#primaryimage\"},\"thumbnailUrl\":\"http:\/\/gestaoderestaurantes.com.br\/blog\/wp-content\/uploads\/2017\/05\/17052017.jpg\",\"datePublished\":\"2021-07-18T19:09:00+00:00\",\"dateModified\":\"2021-08-25T11:03:01+00:00\",\"breadcrumb\":{\"@id\":\"https:\/\/gestaoderestaurantes.com.br\/blog\/decoracao\/de-onde-saem-as-loucas-feitas-sob-medida-para-restaurantes-do-rio\/#breadcrumb\"},\"inLanguage\":\"pt-BR\",\"potentialAction\":[{\"@type\":\"ReadAction\",\"target\":[\"https:\/\/gestaoderestaurantes.com.br\/blog\/decoracao\/de-onde-saem-as-loucas-feitas-sob-medida-para-restaurantes-do-rio\/\"]}]},{\"@type\":\"ImageObject\",\"inLanguage\":\"pt-BR\",\"@id\":\"https:\/\/gestaoderestaurantes.com.br\/blog\/decoracao\/de-onde-saem-as-loucas-feitas-sob-medida-para-restaurantes-do-rio\/#primaryimage\",\"url\":\"https:\/\/gestaoderestaurantes.com.br\/blog\/wp-content\/uploads\/2017\/05\/17052017.jpg\",\"contentUrl\":\"https:\/\/gestaoderestaurantes.com.br\/blog\/wp-content\/uploads\/2017\/05\/17052017.jpg\",\"width\":699,\"height\":420},{\"@type\":\"BreadcrumbList\",\"@id\":\"https:\/\/gestaoderestaurantes.com.br\/blog\/decoracao\/de-onde-saem-as-loucas-feitas-sob-medida-para-restaurantes-do-rio\/#breadcrumb\",\"itemListElement\":[{\"@type\":\"ListItem\",\"position\":1,\"name\":\"In\u00edcio\",\"item\":\"https:\/\/gestaoderestaurantes.com.br\/blog\/\"},{\"@type\":\"ListItem\",\"position\":2,\"name\":\"De onde saem as lou\u00e7as feitas sob medida para restaurantes do Rio\"}]},{\"@type\":\"WebSite\",\"@id\":\"https:\/\/gestaoderestaurantes.com.br\/blog\/#website\",\"url\":\"https:\/\/gestaoderestaurantes.com.br\/blog\/\",\"name\":\"GEST\u00c3O DE RESTAURANTES\",\"description\":\"Cursos para Restaurantes e Bares\",\"publisher\":{\"@id\":\"https:\/\/gestaoderestaurantes.com.br\/blog\/#organization\"},\"potentialAction\":[{\"@type\":\"SearchAction\",\"target\":{\"@type\":\"EntryPoint\",\"urlTemplate\":\"https:\/\/gestaoderestaurantes.com.br\/blog\/?s={search_term_string}\"},\"query-input\":{\"@type\":\"PropertyValueSpecification\",\"valueRequired\":true,\"valueName\":\"search_term_string\"}}],\"inLanguage\":\"pt-BR\"},{\"@type\":\"Organization\",\"@id\":\"https:\/\/gestaoderestaurantes.com.br\/blog\/#organization\",\"name\":\"GEST\u00c3O DE RESTAURANTES\",\"url\":\"https:\/\/gestaoderestaurantes.com.br\/blog\/\",\"logo\":{\"@type\":\"ImageObject\",\"inLanguage\":\"pt-BR\",\"@id\":\"https:\/\/gestaoderestaurantes.com.br\/blog\/#\/schema\/logo\/image\/\",\"url\":\"https:\/\/gestaoderestaurantes.com.br\/blog\/wp-content\/uploads\/2017\/02\/logo.png\",\"contentUrl\":\"https:\/\/gestaoderestaurantes.com.br\/blog\/wp-content\/uploads\/2017\/02\/logo.png\",\"width\":150,\"height\":150,\"caption\":\"GEST\u00c3O DE RESTAURANTES\"},\"image\":{\"@id\":\"https:\/\/gestaoderestaurantes.com.br\/blog\/#\/schema\/logo\/image\/\"}},{\"@type\":\"Person\",\"@id\":\"https:\/\/gestaoderestaurantes.com.br\/blog\/#\/schema\/person\/f81faea281d148e85942baf46f9cbbd5\",\"name\":\"Gest\u00e3o de Restaurantes\",\"image\":{\"@type\":\"ImageObject\",\"inLanguage\":\"pt-BR\",\"@id\":\"https:\/\/gestaoderestaurantes.com.br\/blog\/#\/schema\/person\/image\/\",\"url\":\"https:\/\/secure.gravatar.com\/avatar\/b589d30c197e3c258b1b65aa142c72b5?s=96&d=mm&r=g\",\"contentUrl\":\"https:\/\/secure.gravatar.com\/avatar\/b589d30c197e3c258b1b65aa142c72b5?s=96&d=mm&r=g\",\"caption\":\"Gest\u00e3o de Restaurantes\"},\"url\":\"https:\/\/gestaoderestaurantes.com.br\/blog\/author\/alisonalves\/\"}]}<\/script>\n<!-- \/ Yoast SEO plugin. -->","yoast_head_json":{"title":"De onde saem as lou\u00e7as feitas sob medida para restaurantes do Rio - GEST\u00c3O DE RESTAURANTES","robots":{"index":"index","follow":"follow","max-snippet":"max-snippet:-1","max-image-preview":"max-image-preview:large","max-video-preview":"max-video-preview:-1"},"canonical":"https:\/\/gestaoderestaurantes.com.br\/blog\/decoracao\/de-onde-saem-as-loucas-feitas-sob-medida-para-restaurantes-do-rio\/","og_locale":"pt_BR","og_type":"article","og_title":"De onde saem as lou\u00e7as feitas sob medida para restaurantes do Rio - GEST\u00c3O DE RESTAURANTES","og_description":"RIO &#8211; A vers\u00e3o em palmito pupunha da massa cl\u00e1ssica romana Cacio e Pepe (literalmente, queijo e pimenta) chega num generoso bowl em tons de branco e areia. A presen\u00e7a se imp\u00f5e sobre a mesa do Iraj\u00e1 Gastr\u00f4. Impressiona at\u00e9 mesmo o franc\u00eas Alain Ducasse, chef tr\u00eas estrelas \u201cMichelin\u201d e propriet\u00e1rio de 35 restaurantes em [&hellip;]","og_url":"https:\/\/gestaoderestaurantes.com.br\/blog\/decoracao\/de-onde-saem-as-loucas-feitas-sob-medida-para-restaurantes-do-rio\/","og_site_name":"GEST\u00c3O DE RESTAURANTES","article_published_time":"2021-07-18T19:09:00+00:00","article_modified_time":"2021-08-25T11:03:01+00:00","og_image":[{"url":"http:\/\/gestaoderestaurantes.com.br\/blog\/wp-content\/uploads\/2017\/05\/17052017.jpg","type":"","width":"","height":""}],"author":"Gest\u00e3o de Restaurantes","twitter_card":"summary_large_image","twitter_misc":{"Escrito por":"Gest\u00e3o de Restaurantes","Est. tempo de leitura":"6 minutos"},"schema":{"@context":"https:\/\/schema.org","@graph":[{"@type":"Article","@id":"https:\/\/gestaoderestaurantes.com.br\/blog\/decoracao\/de-onde-saem-as-loucas-feitas-sob-medida-para-restaurantes-do-rio\/#article","isPartOf":{"@id":"https:\/\/gestaoderestaurantes.com.br\/blog\/decoracao\/de-onde-saem-as-loucas-feitas-sob-medida-para-restaurantes-do-rio\/"},"author":{"name":"Gest\u00e3o de Restaurantes","@id":"https:\/\/gestaoderestaurantes.com.br\/blog\/#\/schema\/person\/f81faea281d148e85942baf46f9cbbd5"},"headline":"De onde saem as lou\u00e7as feitas sob medida para restaurantes do Rio","datePublished":"2021-07-18T19:09:00+00:00","dateModified":"2021-08-25T11:03:01+00:00","mainEntityOfPage":{"@id":"https:\/\/gestaoderestaurantes.com.br\/blog\/decoracao\/de-onde-saem-as-loucas-feitas-sob-medida-para-restaurantes-do-rio\/"},"wordCount":1293,"commentCount":0,"publisher":{"@id":"https:\/\/gestaoderestaurantes.com.br\/blog\/#organization"},"image":{"@id":"https:\/\/gestaoderestaurantes.com.br\/blog\/decoracao\/de-onde-saem-as-loucas-feitas-sob-medida-para-restaurantes-do-rio\/#primaryimage"},"thumbnailUrl":"http:\/\/gestaoderestaurantes.com.br\/blog\/wp-content\/uploads\/2017\/05\/17052017.jpg","keywords":["cer\u00e2mica","Decora\u00e7\u00e3o","pratos","utens\u00edlios"],"articleSection":["Atendimento","Decora\u00e7\u00e3o","Dicas","Gastronomia","Not\u00edcias"],"inLanguage":"pt-BR","potentialAction":[{"@type":"CommentAction","name":"Comment","target":["https:\/\/gestaoderestaurantes.com.br\/blog\/decoracao\/de-onde-saem-as-loucas-feitas-sob-medida-para-restaurantes-do-rio\/#respond"]}]},{"@type":"WebPage","@id":"https:\/\/gestaoderestaurantes.com.br\/blog\/decoracao\/de-onde-saem-as-loucas-feitas-sob-medida-para-restaurantes-do-rio\/","url":"https:\/\/gestaoderestaurantes.com.br\/blog\/decoracao\/de-onde-saem-as-loucas-feitas-sob-medida-para-restaurantes-do-rio\/","name":"De onde saem as lou\u00e7as feitas sob medida para restaurantes do Rio - GEST\u00c3O DE RESTAURANTES","isPartOf":{"@id":"https:\/\/gestaoderestaurantes.com.br\/blog\/#website"},"primaryImageOfPage":{"@id":"https:\/\/gestaoderestaurantes.com.br\/blog\/decoracao\/de-onde-saem-as-loucas-feitas-sob-medida-para-restaurantes-do-rio\/#primaryimage"},"image":{"@id":"https:\/\/gestaoderestaurantes.com.br\/blog\/decoracao\/de-onde-saem-as-loucas-feitas-sob-medida-para-restaurantes-do-rio\/#primaryimage"},"thumbnailUrl":"http:\/\/gestaoderestaurantes.com.br\/blog\/wp-content\/uploads\/2017\/05\/17052017.jpg","datePublished":"2021-07-18T19:09:00+00:00","dateModified":"2021-08-25T11:03:01+00:00","breadcrumb":{"@id":"https:\/\/gestaoderestaurantes.com.br\/blog\/decoracao\/de-onde-saem-as-loucas-feitas-sob-medida-para-restaurantes-do-rio\/#breadcrumb"},"inLanguage":"pt-BR","potentialAction":[{"@type":"ReadAction","target":["https:\/\/gestaoderestaurantes.com.br\/blog\/decoracao\/de-onde-saem-as-loucas-feitas-sob-medida-para-restaurantes-do-rio\/"]}]},{"@type":"ImageObject","inLanguage":"pt-BR","@id":"https:\/\/gestaoderestaurantes.com.br\/blog\/decoracao\/de-onde-saem-as-loucas-feitas-sob-medida-para-restaurantes-do-rio\/#primaryimage","url":"https:\/\/gestaoderestaurantes.com.br\/blog\/wp-content\/uploads\/2017\/05\/17052017.jpg","contentUrl":"https:\/\/gestaoderestaurantes.com.br\/blog\/wp-content\/uploads\/2017\/05\/17052017.jpg","width":699,"height":420},{"@type":"BreadcrumbList","@id":"https:\/\/gestaoderestaurantes.com.br\/blog\/decoracao\/de-onde-saem-as-loucas-feitas-sob-medida-para-restaurantes-do-rio\/#breadcrumb","itemListElement":[{"@type":"ListItem","position":1,"name":"In\u00edcio","item":"https:\/\/gestaoderestaurantes.com.br\/blog\/"},{"@type":"ListItem","position":2,"name":"De onde saem as lou\u00e7as feitas sob medida para restaurantes do Rio"}]},{"@type":"WebSite","@id":"https:\/\/gestaoderestaurantes.com.br\/blog\/#website","url":"https:\/\/gestaoderestaurantes.com.br\/blog\/","name":"GEST\u00c3O DE RESTAURANTES","description":"Cursos para Restaurantes e Bares","publisher":{"@id":"https:\/\/gestaoderestaurantes.com.br\/blog\/#organization"},"potentialAction":[{"@type":"SearchAction","target":{"@type":"EntryPoint","urlTemplate":"https:\/\/gestaoderestaurantes.com.br\/blog\/?s={search_term_string}"},"query-input":{"@type":"PropertyValueSpecification","valueRequired":true,"valueName":"search_term_string"}}],"inLanguage":"pt-BR"},{"@type":"Organization","@id":"https:\/\/gestaoderestaurantes.com.br\/blog\/#organization","name":"GEST\u00c3O DE RESTAURANTES","url":"https:\/\/gestaoderestaurantes.com.br\/blog\/","logo":{"@type":"ImageObject","inLanguage":"pt-BR","@id":"https:\/\/gestaoderestaurantes.com.br\/blog\/#\/schema\/logo\/image\/","url":"https:\/\/gestaoderestaurantes.com.br\/blog\/wp-content\/uploads\/2017\/02\/logo.png","contentUrl":"https:\/\/gestaoderestaurantes.com.br\/blog\/wp-content\/uploads\/2017\/02\/logo.png","width":150,"height":150,"caption":"GEST\u00c3O DE RESTAURANTES"},"image":{"@id":"https:\/\/gestaoderestaurantes.com.br\/blog\/#\/schema\/logo\/image\/"}},{"@type":"Person","@id":"https:\/\/gestaoderestaurantes.com.br\/blog\/#\/schema\/person\/f81faea281d148e85942baf46f9cbbd5","name":"Gest\u00e3o de Restaurantes","image":{"@type":"ImageObject","inLanguage":"pt-BR","@id":"https:\/\/gestaoderestaurantes.com.br\/blog\/#\/schema\/person\/image\/","url":"https:\/\/secure.gravatar.com\/avatar\/b589d30c197e3c258b1b65aa142c72b5?s=96&d=mm&r=g","contentUrl":"https:\/\/secure.gravatar.com\/avatar\/b589d30c197e3c258b1b65aa142c72b5?s=96&d=mm&r=g","caption":"Gest\u00e3o de Restaurantes"},"url":"https:\/\/gestaoderestaurantes.com.br\/blog\/author\/alisonalves\/"}]}},"_links":{"self":[{"href":"https:\/\/gestaoderestaurantes.com.br\/blog\/wp-json\/wp\/v2\/posts\/7529"}],"collection":[{"href":"https:\/\/gestaoderestaurantes.com.br\/blog\/wp-json\/wp\/v2\/posts"}],"about":[{"href":"https:\/\/gestaoderestaurantes.com.br\/blog\/wp-json\/wp\/v2\/types\/post"}],"author":[{"embeddable":true,"href":"https:\/\/gestaoderestaurantes.com.br\/blog\/wp-json\/wp\/v2\/users\/3"}],"replies":[{"embeddable":true,"href":"https:\/\/gestaoderestaurantes.com.br\/blog\/wp-json\/wp\/v2\/comments?post=7529"}],"version-history":[{"count":4,"href":"https:\/\/gestaoderestaurantes.com.br\/blog\/wp-json\/wp\/v2\/posts\/7529\/revisions"}],"predecessor-version":[{"id":20137,"href":"https:\/\/gestaoderestaurantes.com.br\/blog\/wp-json\/wp\/v2\/posts\/7529\/revisions\/20137"}],"wp:attachment":[{"href":"https:\/\/gestaoderestaurantes.com.br\/blog\/wp-json\/wp\/v2\/media?parent=7529"}],"wp:term":[{"taxonomy":"category","embeddable":true,"href":"https:\/\/gestaoderestaurantes.com.br\/blog\/wp-json\/wp\/v2\/categories?post=7529"},{"taxonomy":"post_tag","embeddable":true,"href":"https:\/\/gestaoderestaurantes.com.br\/blog\/wp-json\/wp\/v2\/tags?post=7529"}],"curies":[{"name":"wp","href":"https:\/\/api.w.org\/{rel}","templated":true}]}}